{"id":9925,"date":"2023-03-22T08:33:02","date_gmt":"2023-03-22T11:33:02","guid":{"rendered":"https:\/\/notipampa.com\/?p=9925"},"modified":"2023-03-22T08:33:03","modified_gmt":"2023-03-22T11:33:03","slug":"operativo-antidrogas-en-general-pico-culmina-con-incautacion-de-estupefacientes-y-detencion-de-un-sospechoso","status":"publish","type":"post","link":"https:\/\/notipampa.com\/?p=9925","title":{"rendered":"Operativo antidrogas en General Pico culmina con incautaci\u00f3n de estupefacientes y detenci\u00f3n de un sospechoso"},"content":{"rendered":"\n<p><strong>En un operativo conjunto llevado a cabo por la Divisi\u00f3n Toxicoman\u00eda Operativa de General Pico y el Grupo Especial de la Unidad Regional II, las autoridades lograron incautar 37,5 gramos de coca\u00edna y varios envoltorios con marihuana en un domicilio del Barrio Federal. El allanamiento fue ordenado por el Juzgado Federal de Primera Instancia de esta Provincia, a cargo de Juan Jos\u00e9 Baric.<\/strong><\/p>\n\n\n\n<p>El procedimiento se llev\u00f3 a cabo luego de una intensa investigaci\u00f3n, culminando en el allanamiento de la vivienda sospechosa. Durante la operaci\u00f3n, los agentes encontraron y secuestraron una serie de elementos que ser\u00edan utilizados en la elaboraci\u00f3n y distribuci\u00f3n de drogas ilegales. Entre los objetos incautados se encuentran una balanza de precisi\u00f3n, elementos de corte, anotaciones, recortes para la fracci\u00f3n de sustancias, pastillas utilizadas para rebajar la droga, 20 d\u00f3lares, $153.950, platos donde se fraccionaba la sustancia, un arma de fuego, plantas de la especie cannabis sativa y una motocicleta.<\/p>\n\n\n\n<p>Como resultado de la operaci\u00f3n, la persona investigada fue aprehendida y puesta a disposici\u00f3n del juzgado interviniente. La exitosa operaci\u00f3n conjunta entre la Divisi\u00f3n Toxicoman\u00eda Operativa de General Pico y el Grupo Especial de la Unidad Regional II representa un importante avance en la lucha contra el narcotr\u00e1fico en la provincia.<\/p>\n","protected":false},"excerpt":{"rendered":"<p>En un operativo conjunto llevado a cabo por la Divisi\u00f3n Toxicoman\u00eda Operativa de General Pico y el Grupo Especial de<\/p>\n","protected":false},"author":1,"featured_media":9926,"comment_status":"open","ping_status":"open","sticky":false,"template":"","format":"standard","meta":{"colormag_page_container_layout":"default_layout","colormag_page_sidebar_layout":"default_layout","footnotes":""},"categories":[56,4,8],"tags":[],"class_list":["post-9925","post","type-post","status-publish","format-standard","has-post-thumbnail","hentry","category-policiales","category-provincia","category-ultimas-noticias"],"_links":{"self":[{"href":"https:\/\/notipampa.com\/index.php?rest_route=\/wp\/v2\/posts\/9925","targetHints":{"allow":["GET"]}}],"collection":[{"href":"https:\/\/notipampa.com\/index.php?rest_route=\/wp\/v2\/posts"}],"about":[{"href":"https:\/\/notipampa.com\/index.php?rest_route=\/wp\/v2\/types\/post"}],"author":[{"embeddable":true,"href":"https:\/\/notipampa.com\/index.php?rest_route=\/wp\/v2\/users\/1"}],"replies":[{"embeddable":true,"href":"https:\/\/notipampa.com\/index.php?rest_route=%2Fwp%2Fv2%2Fcomments&post=9925"}],"version-history":[{"count":1,"href":"https:\/\/notipampa.com\/index.php?rest_route=\/wp\/v2\/posts\/9925\/revisions"}],"predecessor-version":[{"id":9927,"href":"https:\/\/notipampa.com\/index.php?rest_route=\/wp\/v2\/posts\/9925\/revisions\/9927"}],"wp:featuredmedia":[{"embeddable":true,"href":"https:\/\/notipampa.com\/index.php?rest_route=\/wp\/v2\/media\/9926"}],"wp:attachment":[{"href":"https:\/\/notipampa.com\/index.php?rest_route=%2Fwp%2Fv2%2Fmedia&parent=9925"}],"wp:term":[{"taxonomy":"category","embeddable":true,"href":"https:\/\/notipampa.com\/index.php?rest_route=%2Fwp%2Fv2%2Fcategories&post=9925"},{"taxonomy":"post_tag","embeddable":true,"href":"https:\/\/notipampa.com\/index.php?rest_route=%2Fwp%2Fv2%2Ftags&post=9925"}],"curies":[{"name":"wp","href":"https:\/\/api.w.org\/{rel}","templated":true}]}}