{"id":9701,"date":"2023-02-17T08:50:39","date_gmt":"2023-02-17T11:50:39","guid":{"rendered":"https:\/\/notipampa.com\/?p=9701"},"modified":"2023-02-17T08:50:40","modified_gmt":"2023-02-17T11:50:40","slug":"hoy-se-conocera-a-las-1200-la-pena-que-recibiran-las-asesinas-del-pequeno-lucio-dupuy","status":"publish","type":"post","link":"https:\/\/notipampa.com\/?p=9701","title":{"rendered":"Hoy se conocer\u00e1 a las 12:00 la pena que recibir\u00e1n las asesinas del peque\u00f1o Lucio Dupuy"},"content":{"rendered":"\n<p>\u201cYo s\u00e9 que me perdon\u00f3, tengo contacto espiritual con \u00e9l\u201d: las \u00faltimas palabras de las asesinas de Lucio Dupuy antes de ser condenadas.<\/p>\n\n\n\n<p>El 22 de diciembre \u00faltimo finaliz\u00f3 en el Tribunal de Santa Rosa la etapa probatoria y de alegatos del juicio por el asesinato de Lucio Dupuy. Ese mismo debate oral encontr\u00f3 culpables de homicidio agravado a Magdalena Esp\u00f3sito, la madre del chico de 5 a\u00f1os, y a su pareja Abigail P\u00e1ez. A esta \u00faltima, adem\u00e1s, se le agreg\u00f3 el delito de abuso sexual contra el menor. Ma\u00f1ana viernes, ser\u00e1 la audiencia final: se dictar\u00e1 la pena que corresponde para ambas. La querella de la familia de Lucio y la fiscal Ver\u00f3nica Ferrero pidieron prisi\u00f3n perpetua para ambas.<\/p>\n\n\n\n<p>Antes de la condena, P\u00e1ez y Esp\u00f3sito, pronunciaron sus \u00faltimas palabras. La primera en hablar fue Abigail P\u00e1ez. Curiosamente, en su \u00faltima posibilidad de expresarse antes de la condena, la novia de la madre de Lucio comenz\u00f3 pidiendo por una moto:<\/p>\n\n\n\n<p>\u201cYo tengo una moto retenida que quisiera darle a mi mam\u00e1 el poder de retirarla en el caso de que quede desprendida de todo esto porque entiendo que ella no tiene nada que ver con lo que se est\u00e1 tratando. En segundo lugar, quer\u00eda aclarar la versi\u00f3n esta que anda dando vueltas y que dio vueltas durante todo el juicio con respecto a que yo dije varias versiones de lo que hab\u00eda pasado. Eso no fue as\u00ed\u201d.<\/p>\n\n\n\n<p>\u00bfA qu\u00e9 se refiere P\u00e1ez? Cuando Lucio ingres\u00f3 al Hospital Evita de Santa Rosa, herido y sin signos vitales aquel 26 de noviembre del 2021, la acusada dijo que les hab\u00edan robado en su casa y que los supuestos delincuentes hab\u00edan abusado del chico.<\/p>\n\n\n\n<p>\u201cYo solamente dije al vecino que me asiste, que nos asiste a mi y a Lucio cuando lo llevo a la salita. \u00c9l me pregunt\u00f3 qu\u00e9 pas\u00f3 y yo le hice referencia a que podr\u00edan haber entrado a robar. Sinceramente, no lo declar\u00e9 ni en la polic\u00eda ni en ning\u00fan lado porque no fuera verdad. Simplemente fue un momento, no s\u00e9, de desesperaci\u00f3n en el que lo primero que se me ocurri\u00f3 decirle fue eso porque no lo conoc\u00eda al hombre y no ten\u00eda nada que ver con lo que estaba pasando\u201d, sigui\u00f3 P\u00e1ez seg\u00fan revel\u00f3 el medio infobae.<\/p>\n\n\n\n<p>Luego, trat\u00f3 de defenderse de supuestas mentiras, sin que nadie la acuse en ese momento de eso, porque no acept\u00f3 preguntas de ninguna de las partes:<\/p>\n\n\n\n<p>\u201cYo no vine ac\u00e1 a mentir. Vine a dar mi versi\u00f3n y la verdad de los hechos y todo lo que pas\u00f3. Y aunque no lo jur\u00e9, como si se lo hizo jurar a todos los testigos, yo lo juro por todas mis creencias. Lo que yo dije en este lugar es la verdad. Todav\u00eda lo sigo sufriendo mucho\u201d<\/p>\n\n\n\n<p>\u201cA pesar de todo lo que pudieran llegar a decir de m\u00ed, que es horrible todo el tiempo escucharlo, pero as\u00ed y todo yo pido perd\u00f3n a las personas que se hayan sentido tocadas con el tema y con toda la situaci\u00f3n. A quien realmente lo llore y lo extra\u00f1e como me pasa a m\u00ed, y supongo que a su mam\u00e1. Y a mi familia, que realmente estaba muy cerca de \u00e9l. Pedirles disculpas a todas las personas que se sintieron mal con esta situaci\u00f3n. A mi mam\u00e1, porque le fall\u00e9, mi mam\u00e1 no me ense\u00f1\u00f3 estas cosas. Esto fue algo que no s\u00e9 c\u00f3mo paso\u201d.<\/p>\n\n\n\n<p>Para finalizar su alocuci\u00f3n, que dur\u00f3 pocos minutos, P\u00e1ez se refiri\u00f3 a sus borrosos recuerdos del d\u00eda del asesinato: \u201cTengo muchas lagunas en la cabeza, muchas im\u00e1genes cortadas. Y si no cont\u00e9 detalles de ese momento es porque, realmente, estoy muy traumada. No es f\u00e1cil llevar a un nene que est\u00e1s criando al hospital, muerto. Mucho menos sabiendo de la culpa que yo correspond\u00eda con todo esto. Yo s\u00e9 que \u00e9l me perdon\u00f3, porque tengo mucho contacto espiritual con \u00e9l y ojal\u00e1 yo tambi\u00e9n me pueda perdonar porque s\u00e9 que lo lastim\u00e9\u201d.<\/p>\n\n\n\n<p>Inmediatamente despu\u00e9s de las palabras de P\u00e1ez, fue el turno de Magdalena Esp\u00f3sito, la madre de Lucio.<\/p>\n\n\n\n<p>La mujer utiliz\u00f3 sus \u00faltimas palabras para atacar a la familia paterna de Lucio, en especial a Cristian, el padre: \u201cEn primer t\u00e9rmino me gustar\u00eda hacer una valoraci\u00f3n que, a mi ver, es injusta. A m\u00ed se me est\u00e1 acusando de una supuesta omisi\u00f3n y de un supuesto rechazo a la maternidad, y de no haber cumplido con mi deber como madre. Entiendo que, en t\u00e9rminos, fue as\u00ed y asumo mi culpa. Pero a m\u00ed se me critica por eso y al padre, al progenitor, porque la palabra \u2018padre\u2019 que le queda bastante grande, se lo justifica\u201d.<\/p>\n\n\n\n<p>Vale aclarar, por si hiciera falta, que el juicio era pura y exclusivamente para encontrar a las culpables del asesinato de Lucio, no para discutir sobre presencias o ausencias en la vida del menor. A pesar de esto, Magdalena continu\u00f3: \u201cLa responsabilidad era de los dos. Tanto m\u00eda, como madre, y \u00e9l, como padre. Porque no lo hice sola a Lucio. Lo hicimos entre los dos. \u00c9l se desentendi\u00f3 siempre. Lo \u00fanico que hizo fue pasar en algun momento la pensi\u00f3n alimentaria pero a m\u00ed me pareci\u00f3 siempre importante que estuviera presente\u201d.<\/p>\n\n\n\n<p>Por \u00faltimo, se refiri\u00f3, especialmente, a Ram\u00f3n y a Silvia, los abuelos paternos de Lucio. Ambos denunciaron desde el primero momento, y lo repitieron en el juicio, de que ten\u00edan prohibido ver a su nieto por orden de la madre y su novia. Ante esto, Esp\u00f3sito contest\u00f3: \u201cLa verdad es que Lucio ten\u00eda contactos con todos. Y si ellos no estuvieron conformes con el contacto que tuvieron con el nene cuando estaba vivo, es porque no se esmeraron en tenerlo. Solamente eso. Porque se sigue diciendo que nosotras les prohib\u00edamos el contacto y no es as\u00ed\u201d.<\/p>\n\n\n\n<p>Las dos terminaron sus ultimas palabras, sin mencionar la frase que es casi un clich\u00e9 en las personas que est\u00e1n a punto de ser sentenciadas: \u201cSoy inocente\u201d.<\/p>\n\n\n\n<p>Si bien ya se sabe que las dos mujeres son las asesinas de Lucio Dupuy, aun resta conocer cu\u00e1l es la pena que recibir\u00e1n. Esto se conocer\u00e1 hoy viernes a las 12.<\/p>\n","protected":false},"excerpt":{"rendered":"<p>\u201cYo s\u00e9 que me perdon\u00f3, tengo contacto espiritual con \u00e9l\u201d: las \u00faltimas palabras de las asesinas de Lucio Dupuy antes<\/p>\n","protected":false},"author":1,"featured_media":9702,"comment_status":"open","ping_status":"open","sticky":false,"template":"","format":"standard","meta":{"colormag_page_container_layout":"default_layout","colormag_page_sidebar_layout":"default_layout","footnotes":""},"categories":[4,8],"tags":[],"class_list":["post-9701","post","type-post","status-publish","format-standard","has-post-thumbnail","hentry","category-provincia","category-ultimas-noticias"],"_links":{"self":[{"href":"https:\/\/notipampa.com\/index.php?rest_route=\/wp\/v2\/posts\/9701","targetHints":{"allow":["GET"]}}],"collection":[{"href":"https:\/\/notipampa.com\/index.php?rest_route=\/wp\/v2\/posts"}],"about":[{"href":"https:\/\/notipampa.com\/index.php?rest_route=\/wp\/v2\/types\/post"}],"author":[{"embeddable":true,"href":"https:\/\/notipampa.com\/index.php?rest_route=\/wp\/v2\/users\/1"}],"replies":[{"embeddable":true,"href":"https:\/\/notipampa.com\/index.php?rest_route=%2Fwp%2Fv2%2Fcomments&post=9701"}],"version-history":[{"count":1,"href":"https:\/\/notipampa.com\/index.php?rest_route=\/wp\/v2\/posts\/9701\/revisions"}],"predecessor-version":[{"id":9703,"href":"https:\/\/notipampa.com\/index.php?rest_route=\/wp\/v2\/posts\/9701\/revisions\/9703"}],"wp:featuredmedia":[{"embeddable":true,"href":"https:\/\/notipampa.com\/index.php?rest_route=\/wp\/v2\/media\/9702"}],"wp:attachment":[{"href":"https:\/\/notipampa.com\/index.php?rest_route=%2Fwp%2Fv2%2Fmedia&parent=9701"}],"wp:term":[{"taxonomy":"category","embeddable":true,"href":"https:\/\/notipampa.com\/index.php?rest_route=%2Fwp%2Fv2%2Fcategories&post=9701"},{"taxonomy":"post_tag","embeddable":true,"href":"https:\/\/notipampa.com\/index.php?rest_route=%2Fwp%2Fv2%2Ftags&post=9701"}],"curies":[{"name":"wp","href":"https:\/\/api.w.org\/{rel}","templated":true}]}}