{"id":9690,"date":"2023-02-16T08:39:26","date_gmt":"2023-02-16T11:39:26","guid":{"rendered":"https:\/\/notipampa.com\/?p=9690"},"modified":"2023-02-16T08:39:27","modified_gmt":"2023-02-16T11:39:27","slug":"la-pampa-carnavales-y-festivales-para-el-fin-de-semana-extendido","status":"publish","type":"post","link":"https:\/\/notipampa.com\/?p=9690","title":{"rendered":"La Pampa: Carnavales y festivales para el fin de semana extendido"},"content":{"rendered":"\n<p><strong>Carnavales, aniversarios, capacitaciones y festivales son algunas de las propuestas que llegan desde los municipios y la Secretar\u00eda de Cultura para disfrutar este fin de semana largo y el que viene.<\/strong><\/p>\n\n\n\n<p><strong>Festivales<\/strong><\/p>\n\n\n\n<p><strong>Alta Italia&nbsp;<\/strong><\/p>\n\n\n\n<p><strong>S\u00e1bado 18 | 20:30&nbsp;| Estadio de F\u00fatbol Jorge Toselli<\/strong><\/p>\n\n\n\n<p><strong>AltaFest.&nbsp;<\/strong>Participaci\u00f3n de Ballets de danzas locales y la actuaci\u00f3n de Rom\u00e1n Ramonda, Banda Mix y Thomas Vazquez. Puestos de comida. Paseo de artesanos.<\/p>\n\n\n\n<p><strong>Arata<\/strong><\/p>\n\n\n\n<p><strong>S\u00e1bado 18 | 19:00 | Campo de Doma<\/strong><\/p>\n\n\n\n<p><strong>Arata en Celeste y Blanco 2023:&nbsp;<\/strong>Shows exclusivos de Ahyre, Ocaso, Valentina Rodr\u00edguez, Mamalokura. Cierre con DJ. Feria de artesanos y emprendedores. Patio de comidas. Conducci\u00f3n: Claudia Guti\u00e9rrez y Beto Ayala.<\/p>\n\n\n\n<p>Organiza: Municipalidad de Arata.&nbsp;Acompa\u00f1a: Secretar\u00eda de Cultura del Gobierno de La Pampa.<\/p>\n\n\n\n<p><strong>Aniversarios<\/strong><\/p>\n\n\n\n<p><strong>Coronel H. Lagos&nbsp;<\/strong><\/p>\n\n\n\n<p><strong>S\u00e1bado 18 | 112\u00b0aniversario de la localidad. Fundaci\u00f3n: 19 de febrero de 1911.<\/strong><\/p>\n\n\n\n<p><strong>3\u00b0 Edici\u00f3n Festival &#8220;Lagos Cumple&#8221; |&nbsp;<\/strong>Entrada libre y gratuita<\/p>\n\n\n\n<p>19:30: Desfile de emprendados por calles de la localidad.<\/p>\n\n\n\n<p>22:00: Actuaci\u00f3n de artistas locales, zonales y la participaci\u00f3n de Santiago Costas, Tr\u00edo Sachero, Tamara Tamagnini, Gato Peters. Feria de artesanos y emprendedores.<\/p>\n\n\n\n<p><strong>Carnavales 2023<\/strong><\/p>\n\n\n\n<p><strong>Speluzzi. Capital del Carnaval<\/strong><\/p>\n\n\n\n<p>Esta localidad, declarada Capital Provincial del Carnaval por Decreto Provincial N\u00b015\/18 del Poder Ejecutivo, celebrar\u00e1 al Rey Momo el pr\u00f3ximo lunes 20 desde las 21:00,&nbsp;con entrada libre y gratuita. La celebraci\u00f3n es organizada por la Asociaci\u00f3n de Corsos y Eventos Populares. En esta edici\u00f3n participar\u00e1n las comparsas \u201cVera Samba\u201d, \u201cEmperatriz Majestuosa\u201d, murgas, carrozas, &#8220;la Mec\u00e1nica Loca\u201d, \u201cRobotop\u201d, bastoneras, fuegos artificiales, quema del Rey Momo y un cierre a todo ritmo con \u201cEl Tanito\u201d. Habr\u00e1 patio de comidas.<\/p>\n\n\n\n<p><strong>Santa Rosa<\/strong><\/p>\n\n\n\n<p>La edici\u00f3n 2023 del carnaval se llevar\u00e1 a cabo el domingo 19 y lunes 20 en el Parque Recreativo Don Tom\u00e1s, contando con desfile de comparsas, espect\u00e1culos circenses, murgas, comparsas y shows musicales entre otros.<\/p>\n\n\n\n<p><strong>Programa completo<\/strong><\/p>\n\n\n\n<p><strong>Domingo 19<\/strong><\/p>\n\n\n\n<p>18:00h: Presentaci\u00f3n de espect\u00e1culos circenses.<\/p>\n\n\n\n<p>20:00: Presentaci\u00f3n del DJ Solana Rivero.<\/p>\n\n\n\n<p>21:00: Desfile de las comparsas locales Nueva Luna, Triana, Dale que sale y Los reyes del movimiento.<\/p>\n\n\n\n<p>23:00: Participaci\u00f3n de la comparsa Mar\u00ed Mar\u00ed.<\/p>\n\n\n\n<p>00:00: Actuaci\u00f3n de Thomas V\u00e1zquez, Mart\u00edn Fornero, la Banda Fina y cierre a cargo del DJ Leo Llanson.<\/p>\n\n\n\n<p><strong>Lunes 20<\/strong><\/p>\n\n\n\n<p>18:00: Espect\u00e1culos circenses.<\/p>\n\n\n\n<p>20:00: Presentaci\u00f3n del DJ Leo Moises.<\/p>\n\n\n\n<p>21:00: Desfile de las murgas y comparsas locales, participaci\u00f3n de Los Legendarios, La Morenada, Murga Bien de Barrio, La Bicha Verde y Aires de Samba.<\/p>\n\n\n\n<p>23:00: Desfile de la comparsa Mar\u00ed Mar\u00ed.<\/p>\n\n\n\n<p>00:00: Show de Luz Paisio, Ulises Bueno y cierre a cargo de la DJ Irup\u00e9 Cano.<\/p>\n\n\n\n<p><strong>La Adela&nbsp;<\/strong><\/p>\n\n\n\n<p><strong>Domingo 19 | Desde las 17:00&nbsp;| Camping Municipal |&nbsp;<\/strong><strong>Entrada libre y gratuita.<\/strong><\/p>\n\n\n\n<p><strong>Carnaval 2023<\/strong>:&nbsp;Fiesta de la nieve, Rey Momo, Holi Color. Actuaci\u00f3n del Grupo Lihu\u00e9n y un gran cierre a puro baile con grupo Oasis.<br>&nbsp;<\/p>\n\n\n\n<p><strong>General Acha&nbsp;<\/strong><\/p>\n\n\n\n<p><strong>S\u00e1bado 18, domingo 19 y lunes 20 | Parque Manuel J. Campos.<\/strong><\/p>\n\n\n\n<p>Entrada libre y gratuita.<\/p>\n\n\n\n<p>Carnaval 2023: Desfile de carrozas, disfraces, comparsas. Actuaci\u00f3n de artistas locales y zonales. Patio de comidas.<\/p>\n\n\n\n<p><strong>Alpachiri&nbsp;<\/strong><\/p>\n\n\n\n<p><strong>Lunes 20 | 21:00&nbsp;| Entrada libre y gratuita.<\/strong><\/p>\n\n\n\n<p>Carnaval 2023: Participan carrozas, comparsas, disfraces individuales, batucada Nueva Luna, Murga El Rejunte, disfraces infantiles. Actuaci\u00f3n de Germ\u00e1n Gait\u00e1n y Tecla DJ. Patio de comidas.<\/p>\n\n\n\n<p><strong>Falucho&nbsp;<\/strong><\/p>\n\n\n\n<p><strong>Viernes 24 | 21:00 | Plaza San Mart\u00edn | Entrada Libre y gratuita.<\/strong><\/p>\n\n\n\n<p>Carnaval 2023: Participan carrozas, comparsas, disfraces individuales. Gran baile con Jos\u00e9 Luis Doroni.<\/p>\n\n\n\n<p><strong>Miguel Riglos&nbsp;<\/strong><\/p>\n\n\n\n<p><strong>S\u00e1bado 25 | 20:30&nbsp;| Predio V\u00edas del Ferrocarril | Entrada libre y gratuita.<\/strong><\/p>\n\n\n\n<p>Carnaval 2023: Participan carrozas, comparsas, disfraces individuales. Actuaci\u00f3n de La Kupp\u00e9 y Banda XXI.<\/p>\n\n\n\n<p><strong>Uriburu&nbsp;<\/strong><\/p>\n\n\n\n<p><strong>S\u00e1bado 25 | 20:30&nbsp;| Boulevard Diego Armando Maradona.<\/strong><\/p>\n\n\n\n<p><strong>Carnaval 2023<\/strong>: Participan Murga Los Rayaditos (Uriburu), Murga Bien de Barrio (Santa Rosa), Murga La Bicha Verde (Catril\u00f3), Legendarios (Batucada de Santa Rosa), Comparsa Triana (Santa Rosa), Comparsa Dale que sale (Santa Rosa), La Morenada (Santa Rosa) y Comparsa Daimar\u00e1. Intervenci\u00f3n de maquillaje para todo el p\u00fablico. Cierre a puro baile con el grupo La Ronda.<\/p>\n\n\n\n<p><strong>Cinem\u00f3vil y Bibliom\u00f3viles<\/strong><\/p>\n\n\n\n<p>Contin\u00faan sus recorridos el Cinem\u00f3vil en barrios&nbsp;con&nbsp;el programa &#8221; Cultura en Territorio &#8221; en General Pico y&nbsp;los&nbsp;bibliom\u00f3viles&nbsp;en&nbsp;General Acha&nbsp;y Sana Rosa.<br><br><strong>Bibliom\u00f3vil en Santa Rosa<\/strong><\/p>\n\n\n\n<p>Presencia de Bibliom\u00f3vil en la Biblioteca Popular Teresa P\u00e9rez de Santa Rosa. La comunidad&nbsp;barrial&nbsp;visita las instalaciones de la biblioteca y&nbsp;accede a&nbsp;las propuestas del bibliom\u00f3vil&nbsp;y a&nbsp;diferentes talleres.<\/p>\n\n\n\n<p><strong>Actividades<\/strong><\/p>\n\n\n\n<p><strong>Mi\u00e9rcoles 15 de febrero<\/strong>, 18:00. Cierre con narraci\u00f3n y juegos a cargo de Fernanda \u00c1lvarez.<\/p>\n\n\n\n<p><strong>Capacitaciones<\/strong><\/p>\n\n\n\n<p><strong>Centro de Artes| Leguizam\u00f3n 1125. Santa Rosa.<\/strong><\/p>\n\n\n\n<p>Coreograf\u00eda: \u00faltimo m\u00f3dulo del&nbsp;Seminario de Danza Contempor\u00e1nea<strong>&nbsp;<\/strong>facilitado por Luciana G\u00f3mez Arzani. La capacitaci\u00f3n est\u00e1 destinada a personas bailarinas, estudiantes o aficionadas a la danza de cualquier estilo que pretendan transitar de forma general la t\u00e9cnica contempor\u00e1nea.<\/p>\n\n\n\n<p>El seminario es arancelado y en el formulario de inscripci\u00f3n pueden anotarse para completar el m\u00f3dulos que queda:<\/p>\n\n\n\n<p><strong>Mi\u00e9rcoles 22 y jueves 23: Coreograf\u00eda.<\/strong><\/p>\n\n\n\n<p>Horarios de clases: De 10:30 a 12:30&nbsp;en el Centro de Artes de Santa Rosa, Leguizam\u00f3n 1125.<\/p>\n\n\n\n<p><strong>Link de inscripci\u00f3n:<\/strong>&nbsp;<a href=\"https:\/\/docs.google.com\/forms\/d\/1Ff94Vbj2CzL7_bR0CKADE_RqhhBgjyddNG1Qa2svvWc\/edit?usp=drivesdk\" target=\"_blank\" rel=\"noreferrer noopener\">https:\/\/docs.google.com\/forms\/d\/1Ff94Vbj2CzL7_bR0CKADE_RqhhBgjyddNG1Qa2svvWc\/edit?usp=drivesdk<\/a><\/p>\n\n\n\n<p><strong>Viernes 24 y s\u00e1bado 25 de febrero&nbsp;<\/strong><strong>| 19:00 a 21:00.<\/strong><\/p>\n\n\n\n<p><strong>Seminario intensivo de Teatro&nbsp;<\/strong><strong>p<\/strong><strong>ara Adolescentes,&nbsp;<\/strong><strong>dictado por la actriz y directora Silvina D\u00b4Atri.<\/strong><\/p>\n\n\n\n<p>Seminario destinado a adolescentes, tiene como objetivo acercar a los j\u00f3venes interesados en la actuaci\u00f3n al espacio teatral y brindarles las primeras t\u00e9cnicas y herramientas teatrales.<\/p>\n\n\n\n<p>A partir de diversos disparadores como composici\u00f3n f\u00edsica, fotograf\u00edas, vestuario teatral, lectura de una escena teatral, etc), se improvisar\u00e1n situaciones y escenas de manera colectiva, desde el absurdo y el humor, tomando en cuenta t\u00e9cnicas actorales a partir del juego.&nbsp;Duraci\u00f3n:&nbsp;2 horas.<\/p>\n\n\n\n<p>Consultas e inscripciones: silvinadatri@hotmail.com o al WhatsApp: 2954-332664??<\/p>\n\n\n\n<p><strong>Cine<\/strong><\/p>\n\n\n\n<p><strong>II Festival Internacional de Cine Documental \u00abPampa DocFest\u00bb<\/strong><\/p>\n\n\n\n<p><strong>Colonia Santa Teresa | 23 al 25 de febrero.<\/strong><\/p>\n\n\n\n<p>La programaci\u00f3n incluye proyecciones especiales, conferencias, masterclass y workshops. Toda la informaci\u00f3n en&nbsp;<a href=\"https:\/\/espacioangular.org\/festival-2023\/\" target=\"_blank\" rel=\"noreferrer noopener\">https:\/\/espacioangular.org\/festival-2023\/<\/a><\/p>\n","protected":false},"excerpt":{"rendered":"<p>Carnavales, aniversarios, capacitaciones y festivales son algunas de las propuestas que llegan desde los municipios y la Secretar\u00eda de Cultura<\/p>\n","protected":false},"author":1,"featured_media":9691,"comment_status":"open","ping_status":"open","sticky":false,"template":"","format":"standard","meta":{"colormag_page_container_layout":"default_layout","colormag_page_sidebar_layout":"default_layout","footnotes":""},"categories":[4,8],"tags":[],"class_list":["post-9690","post","type-post","status-publish","format-standard","has-post-thumbnail","hentry","category-provincia","category-ultimas-noticias"],"_links":{"self":[{"href":"https:\/\/notipampa.com\/index.php?rest_route=\/wp\/v2\/posts\/9690","targetHints":{"allow":["GET"]}}],"collection":[{"href":"https:\/\/notipampa.com\/index.php?rest_route=\/wp\/v2\/posts"}],"about":[{"href":"https:\/\/notipampa.com\/index.php?rest_route=\/wp\/v2\/types\/post"}],"author":[{"embeddable":true,"href":"https:\/\/notipampa.com\/index.php?rest_route=\/wp\/v2\/users\/1"}],"replies":[{"embeddable":true,"href":"https:\/\/notipampa.com\/index.php?rest_route=%2Fwp%2Fv2%2Fcomments&post=9690"}],"version-history":[{"count":1,"href":"https:\/\/notipampa.com\/index.php?rest_route=\/wp\/v2\/posts\/9690\/revisions"}],"predecessor-version":[{"id":9692,"href":"https:\/\/notipampa.com\/index.php?rest_route=\/wp\/v2\/posts\/9690\/revisions\/9692"}],"wp:featuredmedia":[{"embeddable":true,"href":"https:\/\/notipampa.com\/index.php?rest_route=\/wp\/v2\/media\/9691"}],"wp:attachment":[{"href":"https:\/\/notipampa.com\/index.php?rest_route=%2Fwp%2Fv2%2Fmedia&parent=9690"}],"wp:term":[{"taxonomy":"category","embeddable":true,"href":"https:\/\/notipampa.com\/index.php?rest_route=%2Fwp%2Fv2%2Fcategories&post=9690"},{"taxonomy":"post_tag","embeddable":true,"href":"https:\/\/notipampa.com\/index.php?rest_route=%2Fwp%2Fv2%2Ftags&post=9690"}],"curies":[{"name":"wp","href":"https:\/\/api.w.org\/{rel}","templated":true}]}}