{"id":9581,"date":"2023-02-06T13:02:28","date_gmt":"2023-02-06T16:02:28","guid":{"rendered":"https:\/\/notipampa.com\/?p=9581"},"modified":"2023-02-06T13:02:29","modified_gmt":"2023-02-06T16:02:29","slug":"alerta-por-altas-temperaturas-para-gran-parte-de-la-pampa","status":"publish","type":"post","link":"https:\/\/notipampa.com\/?p=9581","title":{"rendered":"Alerta por altas temperaturas para gran parte de La Pampa"},"content":{"rendered":"\n<p><strong>Durante la ma\u00f1ana de este lunes, el Servicio Meteorol\u00f3gico Nacional emiti\u00f3 un alerta por altas temperaturas para una amplia regi\u00f3n del territorio pampeano.<\/strong><\/p>\n\n\n\n<p>El SMN precis\u00f3 que este alerta es de nivel amarillo, lo que significa que los efectos en la salud son de leves a moderados.<\/p>\n\n\n\n<p>Y puntualiz\u00f3 que abarca a los departamentos Chapaleuf\u00fa, Marac\u00f3, Realic\u00f3, Rancul, y Trenel como as\u00ed tambi\u00e9n Atreuc\u00f3, Capital, Catril\u00f3, Conhelo, Guatrach\u00e9, Quem\u00fa Quem\u00fa, Toay y Utrac\u00e1n.<\/p>\n\n\n\n<p>A su vez, el alerta incluye a los departamentos Caleu Caleu y Hucal como as\u00ed tambi\u00e9n Curac\u00f3 y Lihuel Calel, Chalileo, Limay Mahuida y Loventu\u00e9.<\/p>\n\n\n\n<p>EFECTOS EN LA SALUD.<\/p>\n\n\n\n<p>De acuerdo con el organismo oficial, el nivel amarillo significa que las altas temperaturas pueden producir un efecto leve a moderado en la salud. \u201cPueden ser peligrosas, sobre todo para los grupos de riesgo, como beb\u00e9s y ni\u00f1os peque\u00f1os, mayores de 65 a\u00f1os y personas con enfermedades cr\u00f3nicas\u201d, explica la p\u00e1gina oficial del SMN.<\/p>\n\n\n\n<p>El Servicio Meteorol\u00f3gico Nacional describe a los eventos de temperaturas extremas como \u201cun per\u00edodo en el que se espera que se registren valores de temperatura que pueden poner en peligro la salud de las personas\u201d.<\/p>\n\n\n\n<p>Esta definici\u00f3n se construy\u00f3 \u201cluego de realizar una serie de estudios interdisciplinarios en Argentina\u201d, a partir de los cuales \u201cse encontr\u00f3 que hab\u00eda ciertos valores umbrales de temperaturas a partir de los cuales aumentaba la morbilidad y la mortalidad de las personas\u201d.<\/p>\n\n\n\n<p><em><strong>RECOMENDACIONES.&nbsp;<\/strong><\/em><\/p>\n\n\n\n<p>En este contexto, el organismo nacional postula una serie de recomendaciones ante la presencia de olas de calor:<\/p>\n\n\n\n<p>.&nbsp;Aumentar el consumo de l\u00edquidos sin esperar a tener sed para mantener una hidrataci\u00f3n adecuada.<br>\u00b7 No exponerse al sol en exceso, ni en horas centrales del d\u00eda (entre las 11 y las 17 horas).<br>\u00b7 Evitar las bebidas alcoh\u00f3licas o muy azucaradas.<br>\u00b7 Evitar comidas muy abundantes<br>\u00b7 Ingerir verduras y frutas.<br>\u00b7 Reducir la actividad f\u00edsica.<br>\u00b7 Usar ropa ligera, holgada y de colores claros; sombrero, anteojos oscuros.<br>\u00b7 Permanecer en espacios ventilados o acondicionados.<br>\u00b7 Recordar que no existe un tratamiento farmacol\u00f3gico contra el golpe de calor y s\u00f3lo los m\u00e9todos cl\u00e1sicos, citados arriba, pueden prevenirlo y contrarrestarlo.<\/p>\n\n\n\n<p>Ante sed intensa y sequedad en la boca, temperatura mayor a 39\u00ba C, sudoraci\u00f3n excesiva, sensaci\u00f3n de calor sofocante, piel seca, agotamiento, mareos o desmayo, dolores de est\u00f3mago, falta de apetito, n\u00e1useas o v\u00f3mitos, dolores de cabeza, entre otros, se deber\u00e1 actuar de la siguiente manera:<br>\u00b7 Solicitar de inmediato asistencia m\u00e9dica.<br>\u00b7 Trasladar a la persona afectada a la sombra, a un lugar fresco y tranquilo.<br>\u00b7 Intentar refrescarla, mojarle la ropa y darle de beber agua fresca.<\/p>\n","protected":false},"excerpt":{"rendered":"<p>Durante la ma\u00f1ana de este lunes, el Servicio Meteorol\u00f3gico Nacional emiti\u00f3 un alerta por altas temperaturas para una amplia regi\u00f3n<\/p>\n","protected":false},"author":1,"featured_media":9582,"comment_status":"open","ping_status":"open","sticky":false,"template":"","format":"standard","meta":{"colormag_page_container_layout":"default_layout","colormag_page_sidebar_layout":"default_layout","footnotes":""},"categories":[4,8],"tags":[],"class_list":["post-9581","post","type-post","status-publish","format-standard","has-post-thumbnail","hentry","category-provincia","category-ultimas-noticias"],"_links":{"self":[{"href":"https:\/\/notipampa.com\/index.php?rest_route=\/wp\/v2\/posts\/9581","targetHints":{"allow":["GET"]}}],"collection":[{"href":"https:\/\/notipampa.com\/index.php?rest_route=\/wp\/v2\/posts"}],"about":[{"href":"https:\/\/notipampa.com\/index.php?rest_route=\/wp\/v2\/types\/post"}],"author":[{"embeddable":true,"href":"https:\/\/notipampa.com\/index.php?rest_route=\/wp\/v2\/users\/1"}],"replies":[{"embeddable":true,"href":"https:\/\/notipampa.com\/index.php?rest_route=%2Fwp%2Fv2%2Fcomments&post=9581"}],"version-history":[{"count":1,"href":"https:\/\/notipampa.com\/index.php?rest_route=\/wp\/v2\/posts\/9581\/revisions"}],"predecessor-version":[{"id":9583,"href":"https:\/\/notipampa.com\/index.php?rest_route=\/wp\/v2\/posts\/9581\/revisions\/9583"}],"wp:featuredmedia":[{"embeddable":true,"href":"https:\/\/notipampa.com\/index.php?rest_route=\/wp\/v2\/media\/9582"}],"wp:attachment":[{"href":"https:\/\/notipampa.com\/index.php?rest_route=%2Fwp%2Fv2%2Fmedia&parent=9581"}],"wp:term":[{"taxonomy":"category","embeddable":true,"href":"https:\/\/notipampa.com\/index.php?rest_route=%2Fwp%2Fv2%2Fcategories&post=9581"},{"taxonomy":"post_tag","embeddable":true,"href":"https:\/\/notipampa.com\/index.php?rest_route=%2Fwp%2Fv2%2Ftags&post=9581"}],"curies":[{"name":"wp","href":"https:\/\/api.w.org\/{rel}","templated":true}]}}