{"id":9573,"date":"2023-02-06T09:46:27","date_gmt":"2023-02-06T12:46:27","guid":{"rendered":"https:\/\/notipampa.com\/?p=9573"},"modified":"2023-02-06T09:46:28","modified_gmt":"2023-02-06T12:46:28","slug":"movilizacion-en-los-tribunales-de-pico-por-paula-pinedo","status":"publish","type":"post","link":"https:\/\/notipampa.com\/?p=9573","title":{"rendered":"Movilizaci\u00f3n en los Tribunales de Pico por Paula Pinedo"},"content":{"rendered":"\n<p><strong>Al cumplirse un a\u00f1o del episodio que casi le cuesta la vida a Paula Pinedo, agrupaciones feministas marchar\u00e1n este lunes desde las 10:00<\/strong><\/p>\n\n\n\n<p>La Colectivo Popular Feminista de General Pico convoca a una marcha para hoy a las 10:00 en reclamo de justicia por el intento de femicidio de Paula Pinedo, la joven de Intendente Alvear que estuvo en grave estado, internada en terapia intensiva, y que hoy se encuentra con graves secuelas en su salud.<\/p>\n\n\n\n<p><strong>&#8220;Convocamos a todos y todas a marchar con la familia de Paula para exigir justicia&#8221;, expresaron las agrupaciones feministas. La protesta se har\u00e1 en el edificio de Tribunales de General Pico.\u00a0<\/strong><\/p>\n\n\n\n<p>Paula Pinedo fue internada el domingo 6 de febrero de 2022, luego de un episodio en que la mujer sufri\u00f3 graves lesiones cuando conduc\u00eda su motocicleta Dax.<\/p>\n\n\n\n<figure class=\"wp-block-image is-resized\"><img fetchpriority=\"high\" decoding=\"async\" src=\"https:\/\/www.eldiariodelapampa.com.ar\/\/img\/publicaciones\/2023\/02\/06\/alta\/278052-t.jpg\" alt=\"\" width=\"1034\" height=\"1180\"\/><\/figure>\n\n\n\n<p>En las primeras horas se procedi\u00f3 a la demora y detenci\u00f3n de su expareja, y posteriormente a su formalizaci\u00f3n.<\/p>\n\n\n\n<p>No obstante, y luego de comparecer ante la Justicia, la expareja de la v\u00edctima fue puesto en libertad, lo que gener\u00f3 la indignaci\u00f3n de los familiares y el repudio de la sociedad.<\/p>\n\n\n\n<p>La familia se refiri\u00f3 a la violencia de g\u00e9nero que ven\u00eda sufriendo Paula por parte de su pareja y lo vincul\u00f3 al hecho que dej\u00f3 a la mujer en terapia intensiva.<\/p>\n\n\n\n<p>Sin embargo, el fiscal piquense Luciano Rebechi asegur\u00f3 que no existen denuncias previas al hecho. &#8220;Esto no determina que no hayan existido situaciones de violencia de g\u00e9nero previas, pero s\u00ed que no se denunciaron&#8221;, aclar\u00f3 el fiscal.<\/p>\n\n\n\n<p>&#8220;Estamos tratando de determinar qu\u00e9 fue lo que ocurri\u00f3 en el accidente y si hubo alg\u00fan tipo de participaci\u00f3n de la pareja o no, tenemos algunos indicios, pero hoy en d\u00eda no se puede asegurar nada&#8221;, agreg\u00f3 Rebechi.<\/p>\n\n\n\n<p>Los familiares de la mujer realizaron marchas en Intendente Alvear y frente a los tribunales piquenses reclamando que se haga justicia. Y afirmaron &#8220;no fue un accidente, \u00e9l (su pareja) le tir\u00f3 la camioneta encima\u00bb.<\/p>\n","protected":false},"excerpt":{"rendered":"<p>Al cumplirse un a\u00f1o del episodio que casi le cuesta la vida a Paula Pinedo, agrupaciones feministas marchar\u00e1n este lunes<\/p>\n","protected":false},"author":1,"featured_media":9574,"comment_status":"open","ping_status":"open","sticky":false,"template":"","format":"standard","meta":{"colormag_page_container_layout":"default_layout","colormag_page_sidebar_layout":"default_layout","footnotes":""},"categories":[6,8],"tags":[],"class_list":["post-9573","post","type-post","status-publish","format-standard","has-post-thumbnail","hentry","category-locales","category-ultimas-noticias"],"_links":{"self":[{"href":"https:\/\/notipampa.com\/index.php?rest_route=\/wp\/v2\/posts\/9573","targetHints":{"allow":["GET"]}}],"collection":[{"href":"https:\/\/notipampa.com\/index.php?rest_route=\/wp\/v2\/posts"}],"about":[{"href":"https:\/\/notipampa.com\/index.php?rest_route=\/wp\/v2\/types\/post"}],"author":[{"embeddable":true,"href":"https:\/\/notipampa.com\/index.php?rest_route=\/wp\/v2\/users\/1"}],"replies":[{"embeddable":true,"href":"https:\/\/notipampa.com\/index.php?rest_route=%2Fwp%2Fv2%2Fcomments&post=9573"}],"version-history":[{"count":1,"href":"https:\/\/notipampa.com\/index.php?rest_route=\/wp\/v2\/posts\/9573\/revisions"}],"predecessor-version":[{"id":9575,"href":"https:\/\/notipampa.com\/index.php?rest_route=\/wp\/v2\/posts\/9573\/revisions\/9575"}],"wp:featuredmedia":[{"embeddable":true,"href":"https:\/\/notipampa.com\/index.php?rest_route=\/wp\/v2\/media\/9574"}],"wp:attachment":[{"href":"https:\/\/notipampa.com\/index.php?rest_route=%2Fwp%2Fv2%2Fmedia&parent=9573"}],"wp:term":[{"taxonomy":"category","embeddable":true,"href":"https:\/\/notipampa.com\/index.php?rest_route=%2Fwp%2Fv2%2Fcategories&post=9573"},{"taxonomy":"post_tag","embeddable":true,"href":"https:\/\/notipampa.com\/index.php?rest_route=%2Fwp%2Fv2%2Ftags&post=9573"}],"curies":[{"name":"wp","href":"https:\/\/api.w.org\/{rel}","templated":true}]}}