{"id":9334,"date":"2023-01-16T08:42:34","date_gmt":"2023-01-16T11:42:34","guid":{"rendered":"https:\/\/notipampa.com\/?p=9334"},"modified":"2023-01-16T08:42:35","modified_gmt":"2023-01-16T11:42:35","slug":"se-viene-expopymes-2023-con-la-incorporacion-del-sector-agropecuario","status":"publish","type":"post","link":"https:\/\/notipampa.com\/?p=9334","title":{"rendered":"Se viene ExpoPyMEs 2023 con la incorporaci\u00f3n del sector agropecuario"},"content":{"rendered":"\n<p><strong>La tradicional muestra de la Peque\u00f1a y Mediana Industria pampeana ser\u00e1 los d\u00edas 14,15 y 16 de abril en el Aut\u00f3dromo Provincia de La Pampa. A partir de este a\u00f1o se realizar\u00e1 anualmente y como novedad sumar\u00e1 un sector para \u201csoluciones agropecuarias\u201d. El gobernador ratific\u00f3 que todos los beneficios a la peque\u00f1a y mediana empresa y la industria que dispone el Gobierno provincial \u201csolo buscan generar actividad econ\u00f3mica, crecimiento y crear trabajo. Ese es el camino que debemos transitar junto al sector privado\u201d. \u00a0<\/strong><\/p>\n\n\n\n<p>La decisi\u00f3n de que la ExpoPyMEs se realizara anualmente fue anunciada por el gobernador Sergio Ziliotto en mayo de 2022, oportunidad en la que subray\u00f3, \u201cno podemos desaprovechar el proceso de incipiente crecimiento de la industria y de todos los sectores de la econom\u00eda de la provincia de La Pampa\u201d.<br>Hoy se confirm\u00f3 que este a\u00f1o la mega muestra ser\u00e1 los d\u00edas 14, 15 y 16 de abril en su emplazamiento habitual: el Aut\u00f3dromo Provincia de La Pampa ubicado sobre la Ruta Provincial 14 en Toay.<br>Los detalles se dieron a conocer en una rueda de prensa en la que estuvieron el primer mandatario junto al vicegobernador Mariano Fern\u00e1ndez;\u00a0 la ministra de la Producci\u00f3n, Fernanda Gonz\u00e1lez y el Intendente de Toay, Rodolfo \u00c1lvarez, entre otros funcionarios.<br><strong>Sociedad estrat\u00e9gica<\/strong><br>El gobernador pampeano dijo que \u201cno es casual que a partir de este a\u00f1o las ExpoPyMEs comience a desarrollarse anualmente, porque la adhesi\u00f3n del sector privado en la edici\u00f3n anterior, \u00a0hace que realicemos el esfuerzo de mostrar todos los a\u00f1os lo que somos capaces de producir en La Pampa\u201d.<br>\u201cLa Provincia de La Pampa,\u00a0 en el \u00faltimo informe de la CEPAL,\u00a0 muestra un crecimiento de su Producto Bruto Geogr\u00e1fico\u00a0 del 53% en los \u00faltimos 18 a\u00f1os.\u00a0 Somos la novena provincia que m\u00e1s creci\u00f3 y eso tiene que ver con un Estado presente y articulador que ve en el sector privado un socio estrat\u00e9gico y no un enemigo.\u00a0 Siempre lo planteamos, es lo p\u00fablico y lo privado, no lo p\u00fablico o lo privado\u201d. \u00a0<br><strong>Crecer con inclusi\u00f3n<\/strong><br>Ziliotto subray\u00f3 que ExpoPyMEs es \u201cla mayor vidriera de la producci\u00f3n de la provincia de La Pampa\u201d y destac\u00f3 que se enmarca \u201cen la ya arraigada y estrat\u00e9gica sinergia p\u00fablico-privada que viene a cumplir con el objetivo que nos trazamos desde el Gobierno provincial que es crecer con inclusi\u00f3n y desarrollar a toda la sociedad pampeana m\u00e1s all\u00e1 del rinc\u00f3n geogr\u00e1fico en el que se encuentren\u201d.<br>Record\u00f3 que la C\u00e1mara de Diputados aprob\u00f3 un presupuesto provincial para 2023 \u201cin\u00e9dito, no s\u00f3lo en el apoyo al sector privado para que lleve adelante la transformaci\u00f3n productiva que tantos beneficios genera, sino porque muestra un Estado sano que no transfiere absolutamente ninguna ineficiencia al sector privado\u201d.<br>En este sentido dijo que en otras jurisdicciones provinciales \u201clos servicios del pago de deudas obstaculizan inversiones, en infraestructura o sociales, pero principalmente inversiones en intervenciones en la econom\u00eda que tan necesarias son para darle competitividad al sector privado\u201d.<br><strong>Compromiso inalterable<\/strong><br>El gobernador ratific\u00f3 el \u201ccompromiso, como el que hemos tenido permanentemente con todos los sectores econ\u00f3micos para seguir creciendo\u201d y rese\u00f1o que a fines del a\u00f1o 2020 y \u201ca pesar de la pandemia hemos puesto en marcha un programa muy agresivo de apoyo al sector privado\u201d.<br>\u201cPara esto contamos con un Banco de La Pampa sujeto a los motivos de su creaci\u00f3n como es el fomento, y tambi\u00e9n contamos con un presupuesto provincial que d\u00eda a d\u00eda incorpora m\u00e1s recursos para que el costo del dinero no sea un obst\u00e1culo para desarrollar una actividad econ\u00f3mica\u201d.<br>En este sentido dijo que \u201csi comparamos lo presupuestado en 2023 con el a\u00f1o 2019, vemos que hemos multiplicado por 15 el apoyo para el subsidio de tasas. Esto es posible al\u00a0 gran esfuerzo de todas y todos los pampeanos que pagan sus impuestos\u201d.<br><strong>Visibilizaci\u00f3n y crecimiento<\/strong><br>La ministra Fernanda Gonz\u00e1lez afirm\u00f3 que ExpoPyMEs\u00a0 es uno de los eventos productivos \u201cm\u00e1s importante que tiene la provincia de La Pampa\u201d y detall\u00f3 que \u201cse lleva adelante gracias al esfuerzo mancomunado de todas las \u00e1reas del Gobierno provincial, el Banco de La Pampa, el Fideicomiso Aut\u00f3dromo Provincia de La Pampa, la municipalidad de Toay y la Agencia de Inversiones y Comercio Exterior (I-Comex)\u201d.<br>\u201cDesde sus inicios el objetivo de esta muestra fue que se visibilice la producci\u00f3n pampeana\u201d,\u00a0 sostuvo la ministra y precis\u00f3 que en ese sentido \u201cvenimos trabajando con todos los sectores econ\u00f3micos de la provincia en el marco de la sinergia p\u00fablico-privada, para que todas nuestras empresas crezcan, escalen en producci\u00f3n y generen fuentes de trabajo\u201d.<br>Finalmente, la ministra sostuvo que \u201cel gobernador nos solicit\u00f3 que acompa\u00f1emos a las empresas y en funci\u00f3n de una encuesta que hicimos la edici\u00f3n anterior, vamos a instrumentar una l\u00ednea de financiamiento para aquellas empresas que tengan que trasladarse hacia el lugar de exposici\u00f3n y el armado de stands y, adem\u00e1s, vamos a darle continuidad a la bonificaci\u00f3n especial con el Banco de La Pampa de la operatoria Compre Pampeano\u201d.<br><strong>Inscripci\u00f3n abierta<\/strong><br>El director de Comercializaci\u00f3n y Competitividad, Nicol\u00f3 Cavallaro, inform\u00f3 que ya se pueden realizar pre inscripciones en el sitio\u00a0<a href=\"http:\/\/www.expopymeslapampa.com.ar\/\" target=\"_blank\" rel=\"noopener\">www.expopymeslapampa.com.ar<\/a>\u00a0, donde adem\u00e1s est\u00e1 disponible un instructivo de carga.<br>\u00a0Detall\u00f3 que la novena edici\u00f3n de la muestra \u201ctendr\u00e1 una nueva din\u00e1mica en funci\u00f3n de la demanda que los visitantes puedan tener o generar\u201d y anunci\u00f3 que \u201cen esta oportunidad habr\u00e1 un sector espec\u00edfico de soluciones para el sector agropecuario y un recorrido para el h\u00e1bitat y la construcci\u00f3n\u201d.<br>Explic\u00f3 que \u201ccomo en las ediciones anteriores habr\u00e1 un sector institucional donde, entre otras actividades, se realizar\u00e1n las rondas de negocios; tambi\u00e9n habr\u00e1 un aula cocina donde se van a hacer experiencias y degustaciones, y vamos a contar son shows musicales pampeanos\u201d.<\/p>\n","protected":false},"excerpt":{"rendered":"<p>La tradicional muestra de la Peque\u00f1a y Mediana Industria pampeana ser\u00e1 los d\u00edas 14,15 y 16 de abril en el<\/p>\n","protected":false},"author":1,"featured_media":9335,"comment_status":"open","ping_status":"open","sticky":false,"template":"","format":"standard","meta":{"colormag_page_container_layout":"default_layout","colormag_page_sidebar_layout":"default_layout","footnotes":""},"categories":[4,8],"tags":[],"class_list":["post-9334","post","type-post","status-publish","format-standard","has-post-thumbnail","hentry","category-provincia","category-ultimas-noticias"],"_links":{"self":[{"href":"https:\/\/notipampa.com\/index.php?rest_route=\/wp\/v2\/posts\/9334","targetHints":{"allow":["GET"]}}],"collection":[{"href":"https:\/\/notipampa.com\/index.php?rest_route=\/wp\/v2\/posts"}],"about":[{"href":"https:\/\/notipampa.com\/index.php?rest_route=\/wp\/v2\/types\/post"}],"author":[{"embeddable":true,"href":"https:\/\/notipampa.com\/index.php?rest_route=\/wp\/v2\/users\/1"}],"replies":[{"embeddable":true,"href":"https:\/\/notipampa.com\/index.php?rest_route=%2Fwp%2Fv2%2Fcomments&post=9334"}],"version-history":[{"count":1,"href":"https:\/\/notipampa.com\/index.php?rest_route=\/wp\/v2\/posts\/9334\/revisions"}],"predecessor-version":[{"id":9336,"href":"https:\/\/notipampa.com\/index.php?rest_route=\/wp\/v2\/posts\/9334\/revisions\/9336"}],"wp:featuredmedia":[{"embeddable":true,"href":"https:\/\/notipampa.com\/index.php?rest_route=\/wp\/v2\/media\/9335"}],"wp:attachment":[{"href":"https:\/\/notipampa.com\/index.php?rest_route=%2Fwp%2Fv2%2Fmedia&parent=9334"}],"wp:term":[{"taxonomy":"category","embeddable":true,"href":"https:\/\/notipampa.com\/index.php?rest_route=%2Fwp%2Fv2%2Fcategories&post=9334"},{"taxonomy":"post_tag","embeddable":true,"href":"https:\/\/notipampa.com\/index.php?rest_route=%2Fwp%2Fv2%2Ftags&post=9334"}],"curies":[{"name":"wp","href":"https:\/\/api.w.org\/{rel}","templated":true}]}}