{"id":9170,"date":"2023-01-02T09:01:45","date_gmt":"2023-01-02T12:01:45","guid":{"rendered":"https:\/\/notipampa.com\/?p=9170"},"modified":"2023-01-02T09:01:46","modified_gmt":"2023-01-02T12:01:46","slug":"se-abrio-la-capilla-ardiente-para-despedir-a-benedicto-xvi-en-la-basilica-de-san-pedro","status":"publish","type":"post","link":"https:\/\/notipampa.com\/?p=9170","title":{"rendered":"Se abri\u00f3 la capilla ardiente para despedir a Benedicto XVI en la bas\u00edlica de San Pedro"},"content":{"rendered":"\n<p><strong>Los actos se extender\u00e1n hasta el jueves, cuando el papa Francisco presidir\u00e1 el funeral ante la presencia de fieles y delegaciones oficiales<\/strong><\/p>\n\n\n\n<p>A partir de este lunes los cat\u00f3licos podr\u00e1n presentar sus respetos en el&nbsp;<strong>Vaticano&nbsp;<\/strong>al ex papa&nbsp;<strong>Benedicto XVI<\/strong>, cuyo cuerpo reposar\u00e1 en capilla ardiente durante tres d\u00edas en la&nbsp;<strong>bas\u00edlica de<\/strong>&nbsp;<strong>San Pedro<\/strong>&nbsp;antes de su funeral.<\/p>\n\n\n\n<p>Los ritos de la capilla ardiente, que comenzaron a las 9 de la ma\u00f1ana (hora local),&nbsp;<strong>se extender\u00e1n por tres d\u00edas&nbsp;<\/strong>para que puedan despedirse los fieles.<\/p>\n\n\n\n<p>La bas\u00edlica&nbsp;<strong>permanecer\u00e1 abierta durante diez horas este lunes<\/strong>, pero este plazo aumentar\u00e1 el martes y el mi\u00e9rcoles, pues los fieles podr\u00e1n pasar ante el cuerpo del papa difunto desde las 7.00 hasta las 19.00 horas (hora local).<\/p>\n\n\n\n<p>El jueves a las 9.30 su sucesor, Francisco, presidir\u00e1 el funeral en la plaza de San Pedro, ante la presencia de fieles, delegaciones oficiales de Italia y del pa\u00eds natal de Ratzinger, Alemania, as\u00ed como de otras autoridades que se espera sean convocadas.<\/p>\n\n\n\n<p><img fetchpriority=\"high\" decoding=\"async\" alt=\"Comenz\u00f3 la capilla ardiente en la bas\u00edlica de San Pedro para despedir a Benedicto XVI. (Vatican Media via REUTERS)\" height=\"534\" width=\"800\" class=\"\" src=\"https:\/\/cloudfront-us-east-1.images.arcpublishing.com\/infobae\/LEOEGAMLAEVOMQ6LARKCC5AEYE.jpg\" srcset=\"https:\/\/www.infobae.com\/new-resizer\/xCcaYnHOV0CWp6WziS4oaMtFkp8=\/420x280\/filters:format(webp):quality(85)\/cloudfront-us-east-1.images.arcpublishing.com\/infobae\/LEOEGAMLAEVOMQ6LARKCC5AEYE.jpg 420w,https:\/\/www.infobae.com\/new-resizer\/b8PrT_trgBWK3w-DAiaySvmiXKM=\/768x512\/filters:format(webp):quality(85)\/cloudfront-us-east-1.images.arcpublishing.com\/infobae\/LEOEGAMLAEVOMQ6LARKCC5AEYE.jpg 768w,https:\/\/www.infobae.com\/new-resizer\/D9dEiojL6EVaOGyZWk4ImEouxHo=\/992x661\/filters:format(webp):quality(85)\/cloudfront-us-east-1.images.arcpublishing.com\/infobae\/LEOEGAMLAEVOMQ6LARKCC5AEYE.jpg 992w,https:\/\/www.infobae.com\/new-resizer\/DqO_Ut1AeRUwoUH1sz9LCZrxNtM=\/1200x800\/filters:format(webp):quality(85)\/cloudfront-us-east-1.images.arcpublishing.com\/infobae\/LEOEGAMLAEVOMQ6LARKCC5AEYE.jpg 1200w,https:\/\/www.infobae.com\/new-resizer\/PbPL87IN4Ej5ufSV89LFoyoxGUs=\/1440x960\/filters:format(webp):quality(85)\/cloudfront-us-east-1.images.arcpublishing.com\/infobae\/LEOEGAMLAEVOMQ6LARKCC5AEYE.jpg 1440w\">Comenz\u00f3 la capilla ardiente en la bas\u00edlica de San Pedro para despedir a Benedicto XVI. (Vatican Media via REUTERS)<\/p>\n\n\n\n<p>El te\u00f3logo alem\u00e1n, que muri\u00f3 el s\u00e1bado a los 95 a\u00f1os,&nbsp;<strong>dirigi\u00f3 la Iglesia Cat\u00f3lica durante ocho a\u00f1os<\/strong>&nbsp;antes de convertirse en el primer papa en seis siglos en dimitir en 2013.<\/p>\n\n\n\n<p>Tras el funeral, sus restos ser\u00e1n sepultados en las tumbas debajo de la bas\u00edlica de San Pedro.<\/p>\n\n\n\n<p>Benedicto muri\u00f3 en el monasterio&nbsp;<strong>Mater Ecclesiae<\/strong>&nbsp;dentro de los jardines del Vaticano, que hab\u00eda sido su hogar durante la \u00faltima d\u00e9cada.<\/p>\n\n\n\n<p>Su cuerpo fue trasladado la madrugada del lunes a la bas\u00edlica donde, durante tres d\u00edas en horario diurno, los fieles podr\u00e1n despedirse.<\/p>\n\n\n\n<p><img decoding=\"async\" alt=\"Los ritos de la capilla ardiente, que comenzaron a las 9 de la ma\u00f1ana (hora local), se extender\u00e1n por tres d\u00edas. (REUTERS\/Ciro De Luca)\" height=\"533\" width=\"800\" class=\"\" src=\"https:\/\/cloudfront-us-east-1.images.arcpublishing.com\/infobae\/UKPYGIMGR7C42Q6HBC6BGF4ODE.jpg\" srcset=\"https:\/\/www.infobae.com\/new-resizer\/TMqWBojAPnxIpJL-xCFCcyrHx-Q=\/420x280\/filters:format(webp):quality(85)\/cloudfront-us-east-1.images.arcpublishing.com\/infobae\/UKPYGIMGR7C42Q6HBC6BGF4ODE.jpg 420w,https:\/\/www.infobae.com\/new-resizer\/vRrz2Z5bnbnzCi0MDqmu97BJRBY=\/768x512\/filters:format(webp):quality(85)\/cloudfront-us-east-1.images.arcpublishing.com\/infobae\/UKPYGIMGR7C42Q6HBC6BGF4ODE.jpg 768w,https:\/\/www.infobae.com\/new-resizer\/ZjSNOu7KkwGnoUH3duIX-CDBRe0=\/992x661\/filters:format(webp):quality(85)\/cloudfront-us-east-1.images.arcpublishing.com\/infobae\/UKPYGIMGR7C42Q6HBC6BGF4ODE.jpg 992w,https:\/\/www.infobae.com\/new-resizer\/MCn67EhZmkJ4utvNqexOwRafk4M=\/1200x800\/filters:format(webp):quality(85)\/cloudfront-us-east-1.images.arcpublishing.com\/infobae\/UKPYGIMGR7C42Q6HBC6BGF4ODE.jpg 1200w,https:\/\/www.infobae.com\/new-resizer\/3Y-hhZ14ekmcYrrluIHpO9yFIKA=\/1440x960\/filters:format(webp):quality(85)\/cloudfront-us-east-1.images.arcpublishing.com\/infobae\/UKPYGIMGR7C42Q6HBC6BGF4ODE.jpg 1440w\">Los ritos de la capilla ardiente, que comenzaron a las 9 de la ma\u00f1ana (hora local), se extender\u00e1n por tres d\u00edas. (REUTERS\/Ciro De Luca)<\/p>\n\n\n\n<p>El Vaticano public\u00f3 el domingo fotos de su cad\u00e1ver,<strong>&nbsp;vestido con t\u00fanicas rojas de luto papal y con una mitra con borde dorado en la cabeza<\/strong>, en un catafalco en la capilla del monasterio.<\/p>\n\n\n\n<p>La sorpresiva renuncia de Benedicto XVI cre\u00f3 la situaci\u00f3n extraordinaria de tener dos \u201chombres de blanco\u201d, \u00e9l y Francisco, en el Vaticano.<\/p>\n\n\n\n<p>Su funeral tambi\u00e9n abrir\u00e1 nuevos caminos.<\/p>\n\n\n\n<p>Las muertes papales generalmente desencadenan la convocatoria de un c\u00f3nclave de cardenales para elegir un sucesor, pero esta vez<strong>&nbsp;Francisco permanece en el cargo y dirigir\u00e1 los procedimientos.<\/strong><\/p>\n\n\n\n<p>El funeral de Benedicto XVI ser\u00e1&nbsp;<strong>\u201csolemne pero sencillo\u201d<\/strong>, dijo el Vaticano, despu\u00e9s de lo cual ser\u00e1 enterrado en las tumbas papales bajo la Bas\u00edlica de San Pedro.<\/p>\n\n\n\n<p><img decoding=\"async\" alt=\"El papa Francisco presidir\u00e1 el servicio funerario de Benedicto XVI (REUTERS\/Guglielmo Mangiapane)\" height=\"533\" width=\"800\" class=\"\" src=\"https:\/\/cloudfront-us-east-1.images.arcpublishing.com\/infobae\/GOSZQYALE6CMU7E36LO5QQDWTE.jpg\" srcset=\"https:\/\/www.infobae.com\/new-resizer\/SaLihrLwdOtnbN1CLA-tYEZhI48=\/420x280\/filters:format(webp):quality(85)\/cloudfront-us-east-1.images.arcpublishing.com\/infobae\/GOSZQYALE6CMU7E36LO5QQDWTE.jpg 420w,https:\/\/www.infobae.com\/new-resizer\/j3C60cEUWRiDyQcV-jUkMoRh2tk=\/768x512\/filters:format(webp):quality(85)\/cloudfront-us-east-1.images.arcpublishing.com\/infobae\/GOSZQYALE6CMU7E36LO5QQDWTE.jpg 768w,https:\/\/www.infobae.com\/new-resizer\/glm9Q_mt1BBIbysXkaAwT0zL6ZI=\/992x661\/filters:format(webp):quality(85)\/cloudfront-us-east-1.images.arcpublishing.com\/infobae\/GOSZQYALE6CMU7E36LO5QQDWTE.jpg 992w,https:\/\/www.infobae.com\/new-resizer\/of0v9Up2VWxmI6lUYHUO4J-Sx-Y=\/1200x800\/filters:format(webp):quality(85)\/cloudfront-us-east-1.images.arcpublishing.com\/infobae\/GOSZQYALE6CMU7E36LO5QQDWTE.jpg 1200w,https:\/\/www.infobae.com\/new-resizer\/awqWJ40Gp_BRElUKv0sLpMAgo3s=\/1440x960\/filters:format(webp):quality(85)\/cloudfront-us-east-1.images.arcpublishing.com\/infobae\/GOSZQYALE6CMU7E36LO5QQDWTE.jpg 1440w\">El papa Francisco presidir\u00e1 el servicio funerario de Benedicto XVI (REUTERS\/Guglielmo Mangiapane)<\/p>\n\n\n\n<p>El Vaticano a\u00fan no ha dado a conocer los detalles de la lista de invitados, m\u00e1s all\u00e1 de decir que incluir\u00e1 delegaciones de&nbsp;<strong>Italia&nbsp;<\/strong>y la&nbsp;<strong>Alemania&nbsp;<\/strong>natal de Benedicto XVI.<\/p>\n\n\n\n<h2 class=\"wp-block-heading\">Sirviente fiel<\/h2>\n\n\n\n<p>El \u00faltimo funeral papal, de&nbsp;<strong>Juan Pablo II<\/strong>&nbsp;en 2005, atrajo a un mill\u00f3n de fieles y jefes de Estado de todo el mundo, aunque Benedicto fue una figura m\u00e1s divisiva.<\/p>\n\n\n\n<p>Un te\u00f3logo brillante, alien\u00f3 a muchos cat\u00f3licos con su firme defensa de los valores tradicionales y, como papa,&nbsp;<strong>trabaj\u00f3 por imponer su autoridad sobre la iglesia mientras luchaba contra una serie de crisis<\/strong>, incluso por el abuso sexual del clero.<\/p>\n\n\n\n<p>Su sucesor tiene una figura muy diferente, un jesuita argentino que se siente m\u00e1s a gusto entre su reba\u00f1o y ha buscado forjar una iglesia m\u00e1s compasiva.<\/p>\n\n\n\n<p><img loading=\"lazy\" decoding=\"async\" alt=\"El papa Benedicto XVI trabaj\u00f3 por imponer su autoridad sobre la iglesia mientras luchaba contra una serie de crisis, incluso por el abuso sexual del clero. (AP Foto\/Alessandra Tarantino)\" height=\"2024\" width=\"3056\" class=\"\" src=\"https:\/\/cloudfront-us-east-1.images.arcpublishing.com\/infobae\/RK6GARSEOK6LYOF65EPPVH42WY.jpg\" srcset=\"https:\/\/www.infobae.com\/new-resizer\/D9a45YALiKkpnof9_7qvpzHSP8E=\/420x280\/filters:format(webp):quality(85)\/cloudfront-us-east-1.images.arcpublishing.com\/infobae\/RK6GARSEOK6LYOF65EPPVH42WY.jpg 420w,https:\/\/www.infobae.com\/new-resizer\/ENyROf8fItGyRtHwBdw2ZYSkbow=\/768x512\/filters:format(webp):quality(85)\/cloudfront-us-east-1.images.arcpublishing.com\/infobae\/RK6GARSEOK6LYOF65EPPVH42WY.jpg 768w,https:\/\/www.infobae.com\/new-resizer\/wfTGCVQ7EekTBXjqBiEqQVWG22U=\/992x661\/filters:format(webp):quality(85)\/cloudfront-us-east-1.images.arcpublishing.com\/infobae\/RK6GARSEOK6LYOF65EPPVH42WY.jpg 992w,https:\/\/www.infobae.com\/new-resizer\/XEKoMdkuHnJhvLj4Tk5tn_4dsEM=\/1200x800\/filters:format(webp):quality(85)\/cloudfront-us-east-1.images.arcpublishing.com\/infobae\/RK6GARSEOK6LYOF65EPPVH42WY.jpg 1200w,https:\/\/www.infobae.com\/new-resizer\/-84frbz2moHpM6PFqTR4Erthoa8=\/1440x960\/filters:format(webp):quality(85)\/cloudfront-us-east-1.images.arcpublishing.com\/infobae\/RK6GARSEOK6LYOF65EPPVH42WY.jpg 1440w\">El papa Benedicto XVI trabaj\u00f3 por imponer su autoridad sobre la iglesia mientras luchaba contra una serie de crisis, incluso por el abuso sexual del clero. (AP Foto\/Alessandra Tarantino)<\/p>\n\n\n\n<p>El Papa Francisco rindi\u00f3 homenaje a Benedicto en tres eventos de A\u00f1o Nuevo en el Vaticano durante el fin de semana, \u201cagradeciendo a Dios por el regalo de este fiel servidor del Evangelio y de la Iglesia\u201d.<\/p>\n\n\n\n<p>Francisco, de 86 a\u00f1os, plante\u00f3<strong>&nbsp;la posibilidad de seguir el ejemplo de Benedicto<\/strong>&nbsp;y renunciar si no puede cumplir con sus deberes.<\/p>\n\n\n\n<p>En julio, tras sufrir problemas en la rodilla que le han obligado a depender de una silla de ruedas,&nbsp;<strong>admiti\u00f3 que necesitaba reducir la velocidad o pensar en hacerse a un lado.<\/strong><\/p>\n\n\n\n<p>El mes pasado, Francisco revel\u00f3 que hab\u00eda firmado una carta de renuncia cuando asumi\u00f3 el cargo en caso de que su mala salud le impidiera cumplir con sus funciones.<\/p>\n","protected":false},"excerpt":{"rendered":"<p>Los actos se extender\u00e1n hasta el jueves, cuando el papa Francisco presidir\u00e1 el funeral ante la presencia de fieles y<\/p>\n","protected":false},"author":1,"featured_media":9171,"comment_status":"open","ping_status":"open","sticky":false,"template":"","format":"standard","meta":{"colormag_page_container_layout":"default_layout","colormag_page_sidebar_layout":"default_layout","footnotes":""},"categories":[14,8],"tags":[],"class_list":["post-9170","post","type-post","status-publish","format-standard","has-post-thumbnail","hentry","category-mundo","category-ultimas-noticias"],"_links":{"self":[{"href":"https:\/\/notipampa.com\/index.php?rest_route=\/wp\/v2\/posts\/9170","targetHints":{"allow":["GET"]}}],"collection":[{"href":"https:\/\/notipampa.com\/index.php?rest_route=\/wp\/v2\/posts"}],"about":[{"href":"https:\/\/notipampa.com\/index.php?rest_route=\/wp\/v2\/types\/post"}],"author":[{"embeddable":true,"href":"https:\/\/notipampa.com\/index.php?rest_route=\/wp\/v2\/users\/1"}],"replies":[{"embeddable":true,"href":"https:\/\/notipampa.com\/index.php?rest_route=%2Fwp%2Fv2%2Fcomments&post=9170"}],"version-history":[{"count":1,"href":"https:\/\/notipampa.com\/index.php?rest_route=\/wp\/v2\/posts\/9170\/revisions"}],"predecessor-version":[{"id":9172,"href":"https:\/\/notipampa.com\/index.php?rest_route=\/wp\/v2\/posts\/9170\/revisions\/9172"}],"wp:featuredmedia":[{"embeddable":true,"href":"https:\/\/notipampa.com\/index.php?rest_route=\/wp\/v2\/media\/9171"}],"wp:attachment":[{"href":"https:\/\/notipampa.com\/index.php?rest_route=%2Fwp%2Fv2%2Fmedia&parent=9170"}],"wp:term":[{"taxonomy":"category","embeddable":true,"href":"https:\/\/notipampa.com\/index.php?rest_route=%2Fwp%2Fv2%2Fcategories&post=9170"},{"taxonomy":"post_tag","embeddable":true,"href":"https:\/\/notipampa.com\/index.php?rest_route=%2Fwp%2Fv2%2Ftags&post=9170"}],"curies":[{"name":"wp","href":"https:\/\/api.w.org\/{rel}","templated":true}]}}