{"id":8915,"date":"2022-12-12T09:23:18","date_gmt":"2022-12-12T12:23:18","guid":{"rendered":"https:\/\/notipampa.com\/?p=8915"},"modified":"2022-12-12T09:23:19","modified_gmt":"2022-12-12T12:23:19","slug":"en-vuelo-sanitario-trasladaron-a-rio-cuarto-al-joven-de-larroude-que-sufrio-graves-quemaduras","status":"publish","type":"post","link":"https:\/\/notipampa.com\/?p=8915","title":{"rendered":"En vuelo sanitario trasladaron a Rio Cuarto al joven de Larroud\u00e9 que sufri\u00f3 graves quemaduras"},"content":{"rendered":"\n<p><strong>La informaci\u00f3n fue confirmada anoche por InfoTec 4.0. El joven que antes de ayer sufri\u00f3 grav\u00edsimas heridas tras la explosi\u00f3n mientras manipulaban la carga de gasoil desde un cami\u00f3n cisterna hacia los dep\u00f3sitos que abastecen de combustible en la Estaci\u00f3n de servicio de Bernardo Larroud\u00e9, fue trasladado hace instantes hacia Rio Cuarto.<\/strong><\/p>\n\n\n\n<p>A las 21: 35 de ayer domingo parti\u00f3 el avi\u00f3n sanitario de la Municipalidad de General Pico, Piper PA-31 Navajo, desde el Aeropuerto de esta ciudad con destino a Rio Cuarto trasladando al joven operario que ayer sufri\u00f3 graves quemaduras cuando, por causas que se tratan de establecer, en una maniobra de manipulaci\u00f3n de traspaso de gasoil a los tanques de abastecimiento de surtidores, se inici\u00f3 el fuego que alcanz\u00f3 el cuerpo del empleado que se encontraba en ese momento junto al due\u00f1o de la Estaci\u00f3n de Servicio.\u00a0<\/p>\n\n\n\n<p>Inmediatamente ocurrido el siniestro fue derivado hacia el Hospital de Intendente Alvear y desde all\u00ed de manera urgente al de General Pico donde permaneci\u00f3 en terapia intensiva hasta que lograron estabilizarlo para proceder a su traslado a un centro de mayor complejidad en la ciudad cordobesa de Rio Cuarto donde lo aguardan en este momento.<\/p>\n\n\n\n<p>Trascendi\u00f3 la identidad del joven que lucha por su vida, se trata de Sergio Fonzo, mas conocido como &#8220;Peleti&#8221;, un querido vecino que desde hace varios a\u00f1os trabaja en esa Estaci\u00f3n de Servicios y que mantiene unida a la comunidad en cadenas de oraci\u00f3n por su pronta recuperaci\u00f3n.\u00a0<\/p>\n\n\n\n<p>Infotec 4.0<\/p>\n\n\n\n<p><a href=\"https:\/\/www.facebook.com\/sharer\/sharer.php?u=https:\/\/infotecrealico.com.ar\/contenido\/52694\/en-vuelo-sanitario-trasladan-a-rio-cuarto-al-joven-de-larroude-que-sufrio-graves\" target=\"_blank\" rel=\"noreferrer noopener\"><\/a><\/p>\n","protected":false},"excerpt":{"rendered":"<p>La informaci\u00f3n fue confirmada anoche por InfoTec 4.0. El joven que antes de ayer sufri\u00f3 grav\u00edsimas heridas tras la explosi\u00f3n<\/p>\n","protected":false},"author":1,"featured_media":8916,"comment_status":"open","ping_status":"open","sticky":false,"template":"","format":"standard","meta":{"colormag_page_container_layout":"default_layout","colormag_page_sidebar_layout":"default_layout","footnotes":""},"categories":[4,8],"tags":[],"class_list":["post-8915","post","type-post","status-publish","format-standard","has-post-thumbnail","hentry","category-provincia","category-ultimas-noticias"],"_links":{"self":[{"href":"https:\/\/notipampa.com\/index.php?rest_route=\/wp\/v2\/posts\/8915","targetHints":{"allow":["GET"]}}],"collection":[{"href":"https:\/\/notipampa.com\/index.php?rest_route=\/wp\/v2\/posts"}],"about":[{"href":"https:\/\/notipampa.com\/index.php?rest_route=\/wp\/v2\/types\/post"}],"author":[{"embeddable":true,"href":"https:\/\/notipampa.com\/index.php?rest_route=\/wp\/v2\/users\/1"}],"replies":[{"embeddable":true,"href":"https:\/\/notipampa.com\/index.php?rest_route=%2Fwp%2Fv2%2Fcomments&post=8915"}],"version-history":[{"count":1,"href":"https:\/\/notipampa.com\/index.php?rest_route=\/wp\/v2\/posts\/8915\/revisions"}],"predecessor-version":[{"id":8917,"href":"https:\/\/notipampa.com\/index.php?rest_route=\/wp\/v2\/posts\/8915\/revisions\/8917"}],"wp:featuredmedia":[{"embeddable":true,"href":"https:\/\/notipampa.com\/index.php?rest_route=\/wp\/v2\/media\/8916"}],"wp:attachment":[{"href":"https:\/\/notipampa.com\/index.php?rest_route=%2Fwp%2Fv2%2Fmedia&parent=8915"}],"wp:term":[{"taxonomy":"category","embeddable":true,"href":"https:\/\/notipampa.com\/index.php?rest_route=%2Fwp%2Fv2%2Fcategories&post=8915"},{"taxonomy":"post_tag","embeddable":true,"href":"https:\/\/notipampa.com\/index.php?rest_route=%2Fwp%2Fv2%2Ftags&post=8915"}],"curies":[{"name":"wp","href":"https:\/\/api.w.org\/{rel}","templated":true}]}}