{"id":8865,"date":"2022-12-05T21:20:55","date_gmt":"2022-12-06T00:20:55","guid":{"rendered":"https:\/\/notipampa.com\/?p=8865"},"modified":"2022-12-06T08:29:56","modified_gmt":"2022-12-06T11:29:56","slug":"audio-la-opinion-de-la-militancia-tiene-que-ser-escuchada-dijo-vanesa-acedo-sobre-quien-tendria-que-encabezar-el-pj","status":"publish","type":"post","link":"https:\/\/notipampa.com\/?p=8865","title":{"rendered":"(Audio) &#8220;La opini\u00f3n de la militancia tiene que ser escuchada&#8221; dijo Vanesa Acedo sobre quien tendr\u00eda que encabezar el PJ"},"content":{"rendered":"\n<figure class=\"wp-block-audio\"><audio controls src=\"https:\/\/notipampa.com\/wp-content\/uploads\/2022\/12\/Nota-Vanesa-Acedo.mp4\"><\/audio><figcaption class=\"wp-element-caption\">Nota completa con Vanesa Acedo<\/figcaption><\/figure>\n\n\n\n<p><strong>La Vice Intendenta de Alvear y delegada de la Zona Norte del Ministerio de Desarrollo Social de la provincia de La Pampa, Vanesa Acedo, mantuvo una nota exclusiva con NotiPampa y hablo sobre su trabajo en ambos lugares y su futuro pol\u00edtico.<\/strong><\/p>\n\n\n\n<p><strong>Comenz\u00f3 cont\u00e1ndonos su trabajo durante este \u00faltimo a\u00f1o en la delegaci\u00f3n del Ministerio de Desarrollo Social<\/strong>, \u201cpudimos retomar con los espacios de trabajo comunitario, como vos dijiste, que tiene que ver con el trabajo que se hac\u00eda anterior a la pandemia, que era con las instituciones intermedias, ofrecer espacios de capacitaci\u00f3n y fortalecimiento en temas y problem\u00e1ticas que ellos por ah\u00ed nos iban mencionando en alguna entrevista o en alguna visita que hac\u00edamos en la instituci\u00f3n, y otras alg\u00fan problema que surgiera en el caso de las instituciones que trabajan con ni\u00f1os ni\u00f1as y adolescentes. Siempre la propuesta nuestra hab\u00eda sido trabajar con los diferentes ministerios, que sigue siendo el d\u00eda de hoy as\u00ed y los profesionales que est\u00e1n dentro de cada ministerio que ofrece el gobierno de la provincia de La Pampa, pero esta vez le agregamos poder visibilizar los profesionales que tenemos dentro de la localidad, por eso cada uno de los espacios de trabajo que hemos propuesto han sido con profesionales del medio con una propuesta concreta, con una tem\u00e1tica concreta. La \u00faltima que hicimos que fue sobre manejo de estr\u00e9s y emociones realmente tuvo una excelente convocatoria, m\u00e1s de 50 personas de todas las instituciones de la localidad dentro de la delegaci\u00f3n trabajando con profesionales del medio\u201d.<\/p>\n\n\n\n<p>\u201cDespu\u00e9s estamos articulando con todas las instituciones hospital, Pami, Anses, municipio, banco, tratando siempre de articular y que la informaci\u00f3n circule, es decir, para que la intervenci\u00f3n sea productiva no hacer una s\u00faper intervenci\u00f3n o superponer\u201d<\/p>\n\n\n\n<p><strong>Consultada sobre su trabajo en el Concejo Deliberante, teniendo en cuenta la divisi\u00f3n dentro del mismo bloque justicialista, nos cont\u00f3<\/strong>, \u201cFue un a\u00f1o de trabajo donde mi responsabilidad y mi funci\u00f3n la he cumplido durante todo el a\u00f1o, no tengo intenciones, ni necesidad de hablar mal de nadie puntualmente, yo creo que si uno quiere m\u00e9ritos y logros para digamos seguir ascendiendo con las ambiciones que pol\u00edticamente se pueden tener, se tienen que ganar en la calle con la gente, con la militancia. Me ha pasado que me atacaran en algunos medios, no lo tomen personal porque era una referencia hacia lo laboral, que puede gustar o no gustar, en eso la verdad que no tengo problema, creo que las cr\u00edticas siempre sirven para mejorar y no pretendo generar un problema mayor al que ya hay, como vos dijiste de p\u00fablico conocimiento. S\u00ed estuve trabajando y tratando acompa\u00f1ar al ejecutivo sobre todo cuando los proyectos ten\u00edan que ver con obras y con posibilidades para que vecinos y vecinas de Intendente Alvear. Y despu\u00e9s creo que se trabaj\u00f3 de manera mancomunada, cada cual, exponiendo su mirada, su visi\u00f3n respecto de este de algunos temas, podemos coincidir o no, para eso hay proceso de votaci\u00f3n o abstenci\u00f3n frente a los proyectos que puede presentar el ejecutivo.<\/p>\n\n\n\n<p>He acompa\u00f1ado los pedidos de concejales en cuanto a lo que tiene que ver con pedidos puntuales, como preguntar por ejemplo c\u00f3mo est\u00e1 funcionando cada sector, que personal hay a cargo, que me digas se toman respecto de ciertas problem\u00e1ticas que van surgiendo en la localidad, en eso no tuve problema nunca de acompa\u00f1ar y tampoco de acercarme al ejecutivo con un plante\u00f3. <strong>Creo que mi compa\u00f1ero de f\u00f3rmula, Juan Cruz, no puede decirme que en ning\u00fan momento que no he ido al di\u00e1logo o que no he planteado la problem\u00e1tica tal cual sucede, con lo bueno con lo malo, es decir con la cr\u00edtica buena con la cr\u00edtica mala y lo mismo con el presidente del partido y lo mismo dentro del concejo deliberante<\/strong>, cuando he tenido que acompa\u00f1ar un reclamo de otro bloque lo hice, siempre y cuando me parezca justo y apropiado el reclamo, porque tambi\u00e9n est\u00e1 mi mirada sobre el tema y mi opini\u00f3n\u201d.<\/p>\n\n\n\n<p><strong>Pr\u00f3ximas elecciones<\/strong><\/p>\n\n\n\n<p>\u201cObviamente acompa\u00f1o y apoyo la reelecci\u00f3n del gobernador Sergio Ziliotto y tambi\u00e9n del equipo que el considere que tiene que acompa\u00f1arlo en este espacio.<\/p>\n\n\n\n<p>Respecto a lo local, lo que te puedo decir es que todav\u00eda no hubo una reuni\u00f3n formal dentro de lo que es la Unidad B\u00e1sica, hace poquito sali\u00f3 el decreto del gobernador en el transcurso de esta semana y no se pudo organizar a\u00fan el espacio para compartir con los militantes y los compa\u00f1eros.<\/p>\n\n\n\n<p><strong>Consultada por su futuro pol\u00edtico,<\/strong> \u201csi ocupamos estos cargos es porque uno siempre tiene ambiciones y deseos de mostrar su trabajo e ir conociendo diferentes espacios de trabajo, aprendiendo y ofreciendo lo que uno sabe, no te puedo dar esa respuesta porque yo creo que es algo que tiene que definir el partido a nivel local, pero sobre todo la militancia, creo que en alg\u00fan momento lo hemos hablado y yo creo que el rol de la militancia, la voz y la opini\u00f3n de la militancia tiene que ser escuchada. He hecho eso tambi\u00e9n en este a\u00f1o, escuchar, atender, recepcionar, y bueno y pretendo que s\u00ed va a haber una decisi\u00f3n que el partido va a tomar, que sea de la misma manera, con la militancia y el apoyo de los compa\u00f1eros y compa\u00f1eras a qui\u00e9n se considere mejor candidato o candidata para encabezar la lista del partido justicialista de Intendente Alvear\u201d.<\/p>\n\n\n\n<p><strong>Sobre supuestas diferencias entre el Presidente de la Unidad B\u00e1sica y el Intendente<\/strong><\/p>\n\n\n\n<p>\u201clo que te puedo decir es que yo entiendo que cuando hablan de internas o diferencias, tiene que ver con una funci\u00f3n que tiene el presidente del partido, porque el presidente del partido tiene funciones y tiene obligaciones, no solo con los militantes, si no con los funcionarios que hoy estamos ocupando cargos. En este caso he acompa\u00f1ado en varias ocasiones a nuestro presidente, \u00d3scar Pepa, a hablar con el Ejecutivo local, principalmente con el intendente, en cuestiones que tienen que ver con lo que te dec\u00eda hoy, con esto de por ah\u00ed estar ocupando otros espacios p\u00fablicos, trabajar en conjunto con las instituciones y a modo de cr\u00edticas constructivas que permitan obviamente que el PJ alvearense tenga una excelente gesti\u00f3n, en este caso en la figura de Juan Cruz. Puede ser que en alg\u00fan momento se hayan generado tensiones, no lo descarto a eso, porque he sido parte de esas tensiones, pero justamente apuntan a eso, no a destruir, sino a construir\u201d.<\/p>\n","protected":false},"excerpt":{"rendered":"<p>La Vice Intendenta de Alvear y delegada de la Zona Norte del Ministerio de Desarrollo Social de la provincia de<\/p>\n","protected":false},"author":1,"featured_media":8867,"comment_status":"open","ping_status":"open","sticky":false,"template":"","format":"standard","meta":{"colormag_page_container_layout":"default_layout","colormag_page_sidebar_layout":"default_layout","footnotes":""},"categories":[6,8],"tags":[],"class_list":["post-8865","post","type-post","status-publish","format-standard","has-post-thumbnail","hentry","category-locales","category-ultimas-noticias"],"_links":{"self":[{"href":"https:\/\/notipampa.com\/index.php?rest_route=\/wp\/v2\/posts\/8865","targetHints":{"allow":["GET"]}}],"collection":[{"href":"https:\/\/notipampa.com\/index.php?rest_route=\/wp\/v2\/posts"}],"about":[{"href":"https:\/\/notipampa.com\/index.php?rest_route=\/wp\/v2\/types\/post"}],"author":[{"embeddable":true,"href":"https:\/\/notipampa.com\/index.php?rest_route=\/wp\/v2\/users\/1"}],"replies":[{"embeddable":true,"href":"https:\/\/notipampa.com\/index.php?rest_route=%2Fwp%2Fv2%2Fcomments&post=8865"}],"version-history":[{"count":4,"href":"https:\/\/notipampa.com\/index.php?rest_route=\/wp\/v2\/posts\/8865\/revisions"}],"predecessor-version":[{"id":8874,"href":"https:\/\/notipampa.com\/index.php?rest_route=\/wp\/v2\/posts\/8865\/revisions\/8874"}],"wp:featuredmedia":[{"embeddable":true,"href":"https:\/\/notipampa.com\/index.php?rest_route=\/wp\/v2\/media\/8867"}],"wp:attachment":[{"href":"https:\/\/notipampa.com\/index.php?rest_route=%2Fwp%2Fv2%2Fmedia&parent=8865"}],"wp:term":[{"taxonomy":"category","embeddable":true,"href":"https:\/\/notipampa.com\/index.php?rest_route=%2Fwp%2Fv2%2Fcategories&post=8865"},{"taxonomy":"post_tag","embeddable":true,"href":"https:\/\/notipampa.com\/index.php?rest_route=%2Fwp%2Fv2%2Ftags&post=8865"}],"curies":[{"name":"wp","href":"https:\/\/api.w.org\/{rel}","templated":true}]}}