{"id":8815,"date":"2022-11-30T09:22:57","date_gmt":"2022-11-30T12:22:57","guid":{"rendered":"https:\/\/notipampa.com\/?p=8815"},"modified":"2022-11-30T09:22:58","modified_gmt":"2022-11-30T12:22:58","slug":"informe-oficial-de-la-provincia-por-corte-de-energia-en-varias-localidades-de-la-pampa","status":"publish","type":"post","link":"https:\/\/notipampa.com\/?p=8815","title":{"rendered":"Informe oficial de la provincia por corte de energ\u00eda en varias localidades de La Pampa"},"content":{"rendered":"\n<p><strong>En la Estaci\u00f3n Transformadora de General Pico se produjo en horas de la ma\u00f1ana un inesperado desperfecto en la aislaci\u00f3n del pasamuros que activ\u00f3 las protecciones correspondientes, y consecuentemente salieron fuera de servicio las subestaciones interconectadas provocando un corte total del suministro el\u00e9ctrico en las localidades interconectadas a dicha estaci\u00f3n (General Pico, Intendente Alvear, Bernardo Larroud\u00e9, Dorila, Quem\u00fa Quem\u00fa, Miguel Can\u00e9, V\u00e9rtiz, Speluzzi, Trenel, Arata y Caleuf\u00fa).<\/strong><\/p>\n\n\n\n<p>Con el fin de confinar la falla, evitar mayores da\u00f1os, y restaurar el servicio el\u00e9ctrico de manera urgente, todo el personal de mantenimiento de la la APE se aboc\u00f3 a la reparaci\u00f3n de los da\u00f1os ocurridos.<br>Una vez resuelta la falla, se procedi\u00f3 a la reposici\u00f3n progresiva de las estaciones transformadoras, primero en el nivel de 132 kV y luego en los niveles de 33 kV y 13,2 kV. A las 10:15 Hs. se culmin\u00f3 con la reposici\u00f3n del servicio en la Estaci\u00f3n Transformadora Realic\u00f3 y zona de influencia. Y cinco minutos despu\u00e9s, concluy\u00f3 la reposici\u00f3n de la Estaci\u00f3n Transformadora Mauricio Mayer y zona de influencia. Entre las 13:55 Hs. y las 14:55 Hs. se restablecieron los servicios de las SET Parque Industrial General. Pico, Metileo, Monte Nievas, Trenel, Arata, Caleuf\u00fa, Dorila, Pago Norte General Pico, V\u00e9rtiz, Ojeda y Speluzzi.<\/p>\n","protected":false},"excerpt":{"rendered":"<p>En la Estaci\u00f3n Transformadora de General Pico se produjo en horas de la ma\u00f1ana un inesperado desperfecto en la aislaci\u00f3n<\/p>\n","protected":false},"author":1,"featured_media":8816,"comment_status":"open","ping_status":"open","sticky":false,"template":"","format":"standard","meta":{"colormag_page_container_layout":"default_layout","colormag_page_sidebar_layout":"default_layout","footnotes":""},"categories":[4,8],"tags":[],"class_list":["post-8815","post","type-post","status-publish","format-standard","has-post-thumbnail","hentry","category-provincia","category-ultimas-noticias"],"_links":{"self":[{"href":"https:\/\/notipampa.com\/index.php?rest_route=\/wp\/v2\/posts\/8815","targetHints":{"allow":["GET"]}}],"collection":[{"href":"https:\/\/notipampa.com\/index.php?rest_route=\/wp\/v2\/posts"}],"about":[{"href":"https:\/\/notipampa.com\/index.php?rest_route=\/wp\/v2\/types\/post"}],"author":[{"embeddable":true,"href":"https:\/\/notipampa.com\/index.php?rest_route=\/wp\/v2\/users\/1"}],"replies":[{"embeddable":true,"href":"https:\/\/notipampa.com\/index.php?rest_route=%2Fwp%2Fv2%2Fcomments&post=8815"}],"version-history":[{"count":1,"href":"https:\/\/notipampa.com\/index.php?rest_route=\/wp\/v2\/posts\/8815\/revisions"}],"predecessor-version":[{"id":8817,"href":"https:\/\/notipampa.com\/index.php?rest_route=\/wp\/v2\/posts\/8815\/revisions\/8817"}],"wp:featuredmedia":[{"embeddable":true,"href":"https:\/\/notipampa.com\/index.php?rest_route=\/wp\/v2\/media\/8816"}],"wp:attachment":[{"href":"https:\/\/notipampa.com\/index.php?rest_route=%2Fwp%2Fv2%2Fmedia&parent=8815"}],"wp:term":[{"taxonomy":"category","embeddable":true,"href":"https:\/\/notipampa.com\/index.php?rest_route=%2Fwp%2Fv2%2Fcategories&post=8815"},{"taxonomy":"post_tag","embeddable":true,"href":"https:\/\/notipampa.com\/index.php?rest_route=%2Fwp%2Fv2%2Ftags&post=8815"}],"curies":[{"name":"wp","href":"https:\/\/api.w.org\/{rel}","templated":true}]}}