{"id":8732,"date":"2022-11-22T10:11:00","date_gmt":"2022-11-22T13:11:00","guid":{"rendered":"https:\/\/notipampa.com\/?p=8732"},"modified":"2022-11-22T10:11:01","modified_gmt":"2022-11-22T13:11:01","slug":"torneo-regional-amateur-alvear-fbc-elimino-a-costa-brava","status":"publish","type":"post","link":"https:\/\/notipampa.com\/?p=8732","title":{"rendered":"Torneo Regional Amateur: Alvear FBC elimin\u00f3 a Costa Brava"},"content":{"rendered":"\n<p><strong>En una tarde ag\u00f3nica por su definici\u00f3n, Alvear FBC empat\u00f3 2 a 2 con Costa Brava en el minuto 52 del segundo tiempo en Intendente Alvear y as\u00ed clasific\u00f3 primero en la zona 1, elimin\u00f3 a Costa Brava y junto a Racing de Castex avanzaron a la siguiente instancia.<\/strong><\/p>\n\n\n\n<figure class=\"wp-block-video\"><video height=\"352\" style=\"aspect-ratio: 640 \/ 352;\" width=\"640\" controls src=\"https:\/\/notipampa.com\/wp-content\/uploads\/2022\/11\/WhatsApp-Video-2022-11-21-at-16.11.42.mp4\"><\/video><\/figure>\n\n\n\n<p>La lluvia parec\u00eda que iba a tomar lugar en el Estadio de la Avenida, pero termin\u00f3 a puro sol y festejo con el cielo bien \u201cAzul\u201d, el gol de Dar\u00edo Rivadero, de cabeza, desde un tiro libre frontal que pate\u00f3 el arquero Agust\u00edn Morales, clavando la pelota en el \u00e1ngulo izquierdo de un Santucho que se estir\u00f3 y termin\u00f3 metiendo la pelota con su espalda tras el rebote en el paso, deja en el olvido el trabado partido que jugaron y le da paso a la an\u00e9cdota de la clasificaci\u00f3n ag\u00f3nica.<\/p>\n\n\n\n<p>Es una especie de revancha, en su estadio Alvear FBC no hab\u00eda coronar las dos \u00faltimas ligas ante Costa y as\u00ed encararon este partido, que comenz\u00f3 muy parecido al de la pasada final de la LPF, con el local atacando y la visita aguantando y encontrando un gol en un momento complicado del juego, tras dos avisos de Alvear sobre el arco de Santucho. A los 16\u2032 Mart\u00edn Abraham recibi\u00f3 un pase de Renzo Roda y adentro del \u00e1rea amag\u00f3 a rematar fuerte, hizo pasar de largo a su marcador, y le peg\u00f3 cruzado, al palo derecho de Morales, para darle el 1 a 0 a Costa.<\/p>\n\n\n\n<p>Enseguida, Abraham pudo descontar de cabeza, pero el tiro se fue desviado.<\/p>\n\n\n\n<p>Alvear empez\u00f3 a apurarse y encontr\u00f3 por la derecha los espacios, Marcos Azcurra desbord\u00f3 a los 22\u2032 y en su centro, conect\u00f3 con Axel Bertaina que marc\u00f3, pero el l\u00ednea Della Croce marc\u00f3 off side.<\/p>\n\n\n\n<p>Antes del final, en otra pelota parada del local, Santucho tard\u00f3 en salir y al querer despejar, golpe\u00f3 con su pu\u00f1o a Rivadero y Mor\u00f3n no dud\u00f3 en marcar penal: a los 45\u2032 Exequiel Casas acomod\u00f3, tom\u00f3 carrera y cruz\u00f3 un fuerte remate para poner el 1 a 1 parcial.<\/p>\n\n\n\n<p><strong>Final para el recuerdo<\/strong><\/p>\n\n\n\n<p>En el segundo tiempo, Costa peg\u00f3 primero, con otro lindo gol, esta vez de Gonzalo Arriola que recibi\u00f3 por derecha de Brian Ram\u00edrez y remat\u00f3 fuerte al primer palo para el 2 a 1 a los 15\u2032. Sin embargo, a los 2\u2032, Casas salv\u00f3 en dos oportunidades a Alvear, sacando tiros desde la l\u00ednea casi a quemarropa de sus rivales.<\/p>\n\n\n\n<p>Sin respuestas, Carlos Lovera meti\u00f3 a la cancha a Esteban Guti\u00e9rrez por Casas y luego, a Alex Sosa, por Tob\u00edas Barrios, y otra vez por la derecha empez\u00f3 a complicar a Roda (que ahora jugaba de 3) y a Pildain, que hab\u00eda ingresado por Ram\u00edrez.<\/p>\n\n\n\n<p>Encima, desde Trenel llegaban malas noticias para Alvear porque Racing se pon\u00eda al frente con el gol de Marcelo Bechen de penal, y obligaba al \u201cAzul\u201d a empatar si quer\u00eda clasificar.<\/p>\n\n\n\n<p>Y As\u00ed, lo busc\u00f3 y lo encontr\u00f3 en la \u00faltima: en el s\u00e9ptimo minuto de adici\u00f3n, Morales mand\u00f3 la pelota al \u00e1rea en un tiro libre y Rivadero cabece\u00f3, casi con la nuca, para poner a delirar a la hinchada alvearense.<\/p>\n\n\n\n<p>De esta forma, Alvear FBC y Racing (que gan\u00f3 1 a 0) clasificaron y conocer\u00e1n el martes a sus rivales, seguramente sean Mac Allister y All Boys de Santa Rosa; mientras que Costa y All Boys de Trenel quedaron eliminados.<\/p>\n\n\n\n<figure class=\"wp-block-image\"><img decoding=\"async\" src=\"https:\/\/www.infopico.com\/wp-content\/uploads\/2022\/11\/Diseno-sin-titulo-1-1.png?x81170\" alt=\"\" class=\"wp-image-205906\"\/><\/figure>\n\n\n\n<p><strong>S\u00edntesis<\/strong><\/p>\n\n\n\n<p><strong>Alvear FBC<\/strong>: Morales; C\u00e9spedes, Casas, Bar\u00f3n, Toledo; Barrios, Rivadero, Azcurra; Morete; Freites y Bertaina. DT: Lovera.<\/p>\n\n\n\n<p><strong>Costa Brava<\/strong>: Santucho; Jofr\u00e9; Bonivardo, Roda, Lucero; Ramirez, Turri, Mart\u00edn e Ibarra; Arriola y Abraham. DT: Boggio.<\/p>\n\n\n\n<p>Goles: 16\u2019PT Abraham (CB); 45\u2019PT Casas (ALV); 15\u2019ST Arriola (CB) y 52\u2019ST Rivadero (ALV).<\/p>\n\n\n\n<p>\u00c1rbitro: Franco Mor\u00f3n.<\/p>\n\n\n\n<p><\/p>\n\n\n\n<p>Infopico<\/p>\n","protected":false},"excerpt":{"rendered":"<p>En una tarde ag\u00f3nica por su definici\u00f3n, Alvear FBC empat\u00f3 2 a 2 con Costa Brava en el minuto 52<\/p>\n","protected":false},"author":1,"featured_media":8734,"comment_status":"open","ping_status":"open","sticky":false,"template":"","format":"standard","meta":{"colormag_page_container_layout":"default_layout","colormag_page_sidebar_layout":"default_layout","footnotes":""},"categories":[6,8],"tags":[],"class_list":["post-8732","post","type-post","status-publish","format-standard","has-post-thumbnail","hentry","category-locales","category-ultimas-noticias"],"_links":{"self":[{"href":"https:\/\/notipampa.com\/index.php?rest_route=\/wp\/v2\/posts\/8732","targetHints":{"allow":["GET"]}}],"collection":[{"href":"https:\/\/notipampa.com\/index.php?rest_route=\/wp\/v2\/posts"}],"about":[{"href":"https:\/\/notipampa.com\/index.php?rest_route=\/wp\/v2\/types\/post"}],"author":[{"embeddable":true,"href":"https:\/\/notipampa.com\/index.php?rest_route=\/wp\/v2\/users\/1"}],"replies":[{"embeddable":true,"href":"https:\/\/notipampa.com\/index.php?rest_route=%2Fwp%2Fv2%2Fcomments&post=8732"}],"version-history":[{"count":1,"href":"https:\/\/notipampa.com\/index.php?rest_route=\/wp\/v2\/posts\/8732\/revisions"}],"predecessor-version":[{"id":8735,"href":"https:\/\/notipampa.com\/index.php?rest_route=\/wp\/v2\/posts\/8732\/revisions\/8735"}],"wp:featuredmedia":[{"embeddable":true,"href":"https:\/\/notipampa.com\/index.php?rest_route=\/wp\/v2\/media\/8734"}],"wp:attachment":[{"href":"https:\/\/notipampa.com\/index.php?rest_route=%2Fwp%2Fv2%2Fmedia&parent=8732"}],"wp:term":[{"taxonomy":"category","embeddable":true,"href":"https:\/\/notipampa.com\/index.php?rest_route=%2Fwp%2Fv2%2Fcategories&post=8732"},{"taxonomy":"post_tag","embeddable":true,"href":"https:\/\/notipampa.com\/index.php?rest_route=%2Fwp%2Fv2%2Ftags&post=8732"}],"curies":[{"name":"wp","href":"https:\/\/api.w.org\/{rel}","templated":true}]}}