{"id":8698,"date":"2022-11-16T10:08:28","date_gmt":"2022-11-16T13:08:28","guid":{"rendered":"https:\/\/notipampa.com\/?p=8698"},"modified":"2022-11-16T10:08:29","modified_gmt":"2022-11-16T13:08:29","slug":"alberto-fernandez-hablo-de-su-problema-de-salud-los-nervios-tienen-mucho-que-ver-los-medicos-me-pidieron-que-pare-un-poco","status":"publish","type":"post","link":"https:\/\/notipampa.com\/?p=8698","title":{"rendered":"Alberto Fern\u00e1ndez habl\u00f3 de su problema de salud: \u201cLos nervios tienen mucho que ver, los m\u00e9dicos me pidieron que pare un poco\u201d"},"content":{"rendered":"\n<p class=\"wp-block-paragraph\"><strong>El Presidente se refiri\u00f3 al percance que sufri\u00f3 en Indonesia y admiti\u00f3 que se asust\u00f3. Adem\u00e1s agradeci\u00f3 el llamado que le hizo Cristina Kirchner<\/strong><\/p>\n\n\n\n<p class=\"wp-block-paragraph\">La participaci\u00f3n de<strong>\u00a0Alberto Fern\u00e1ndez<\/strong>\u00a0en el G20 estuvo marcada por el\u00a0<strong>problema de salud<\/strong>\u00a0que sufri\u00f3 en medio del evento que se llev\u00f3 a cabo en Indonesia. Por eso, el jefe de Estado accedi\u00f3 a compartir sus impresiones sobre la descompensaci\u00f3n que los m\u00e9dicos diagnosticaron como una \u201c<strong>gastritis erosiva con sangrado<\/strong>\u00a0que le provoc\u00f3 una baja de presi\u00f3n\u201d.<\/p>\n\n\n\n<p class=\"wp-block-paragraph\">\u201cFue un&nbsp;<strong>mal momento<\/strong>, tuve un problema que arrastro hace muchos a\u00f1os pero nunca se hab\u00eda manifestado de esa forma, que el est\u00f3mago sangre\u201d, se\u00f1al\u00f3 el presidente en di\u00e1logo con&nbsp;<em>Radio 10<\/em>. \u201cEsto me hizo bajar la presi\u00f3n much\u00edsimo y me oblig\u00f3 a hacer un estudio para verificar si el sangrado hab\u00eda parado\u201d, apunt\u00f3.<\/p>\n\n\n\n<p class=\"wp-block-paragraph\">Alberto Fern\u00e1ndez agradeci\u00f3 la preocupaci\u00f3n de todos los que se inquietaron por el percance que sufri\u00f3 y, entre risas, admiti\u00f3: \u201c<strong>M\u00e1s me asust\u00e9 yo<\/strong>\u201d.<\/p>\n\n\n\n<p class=\"wp-block-paragraph\">En el mismo sentido, el mandatario se\u00f1al\u00f3: \u201cEl&nbsp;<strong>estr\u00e9s<\/strong>&nbsp;y los&nbsp;<strong>nervios&nbsp;<\/strong>tienen mucho que ver y<strong>&nbsp;los m\u00e9dicos me pidieron que pare un poco<\/strong>\u201d.<\/p>\n\n\n\n<p class=\"wp-block-paragraph\">Adem\u00e1s destac\u00f3 un mensaje especial: \u201cAyer&nbsp;<strong>me llam\u00f3 Cristina (Kirchner)<\/strong>&nbsp;por la salud, cosa que&nbsp;<strong>agradezco y valoro mucho<\/strong>\u201d.<\/p>\n","protected":false},"excerpt":{"rendered":"<p>El Presidente se refiri\u00f3 al percance que sufri\u00f3 en Indonesia y admiti\u00f3 que se asust\u00f3. Adem\u00e1s agradeci\u00f3 el llamado que<\/p>\n","protected":false},"author":1,"featured_media":8699,"comment_status":"open","ping_status":"open","sticky":false,"template":"","format":"standard","meta":{"colormag_page_container_layout":"default_layout","colormag_page_sidebar_layout":"default_layout","footnotes":""},"categories":[5,8],"tags":[],"class_list":["post-8698","post","type-post","status-publish","format-standard","has-post-thumbnail","hentry","category-nacionales","category-ultimas-noticias"],"_links":{"self":[{"href":"https:\/\/notipampa.com\/index.php?rest_route=\/wp\/v2\/posts\/8698","targetHints":{"allow":["GET"]}}],"collection":[{"href":"https:\/\/notipampa.com\/index.php?rest_route=\/wp\/v2\/posts"}],"about":[{"href":"https:\/\/notipampa.com\/index.php?rest_route=\/wp\/v2\/types\/post"}],"author":[{"embeddable":true,"href":"https:\/\/notipampa.com\/index.php?rest_route=\/wp\/v2\/users\/1"}],"replies":[{"embeddable":true,"href":"https:\/\/notipampa.com\/index.php?rest_route=%2Fwp%2Fv2%2Fcomments&post=8698"}],"version-history":[{"count":1,"href":"https:\/\/notipampa.com\/index.php?rest_route=\/wp\/v2\/posts\/8698\/revisions"}],"predecessor-version":[{"id":8700,"href":"https:\/\/notipampa.com\/index.php?rest_route=\/wp\/v2\/posts\/8698\/revisions\/8700"}],"wp:featuredmedia":[{"embeddable":true,"href":"https:\/\/notipampa.com\/index.php?rest_route=\/wp\/v2\/media\/8699"}],"wp:attachment":[{"href":"https:\/\/notipampa.com\/index.php?rest_route=%2Fwp%2Fv2%2Fmedia&parent=8698"}],"wp:term":[{"taxonomy":"category","embeddable":true,"href":"https:\/\/notipampa.com\/index.php?rest_route=%2Fwp%2Fv2%2Fcategories&post=8698"},{"taxonomy":"post_tag","embeddable":true,"href":"https:\/\/notipampa.com\/index.php?rest_route=%2Fwp%2Fv2%2Ftags&post=8698"}],"curies":[{"name":"wp","href":"https:\/\/api.w.org\/{rel}","templated":true}]}}