{"id":8615,"date":"2022-11-11T08:28:08","date_gmt":"2022-11-11T11:28:08","guid":{"rendered":"https:\/\/notipampa.com\/?p=8615"},"modified":"2022-11-11T08:51:51","modified_gmt":"2022-11-11T11:51:51","slug":"declaran-siete-testigos-en-la-segunda-jornada-del-juicio-por-el-crimen-de-lucio","status":"publish","type":"post","link":"https:\/\/notipampa.com\/?p=8615","title":{"rendered":"Declaran siete testigos en la segunda jornada por el crimen de Lucio"},"content":{"rendered":"\n<p><strong>El debate se inici\u00f3 ayer. Las acusadas por el brutal homicidio se negaron a declarar en el juicio y el padre del nene testimoni\u00f3 durante unos 45 minutos.<\/strong><\/p>\n\n\n\n<p>Este viernes contin\u00faa el juicio oral contra Magdalena Esp\u00f3sito Valenti (25 a\u00f1os) y Abigail P\u00e1ez (28) por el homicidio de Lucio Abel Dupuy, hijo de la primera, ocurrido el 26 de noviembre del a\u00f1o pasado en Santa Rosa.<\/p>\n\n\n\n<p>Se trata de la segunda jornada del debate. En la primera jornada declar\u00f3 un solo testigo convocado, Cristian Dupuy, el padre de la v\u00edctima. Lo hizo sin la presencia de las acusadas en la sala, a pedido de la querella.<\/p>\n\n\n\n<p>Ayer, las dos acusadas se negaron a declarar ampar\u00e1ndose en un derecho constitucional, m\u00e1s all\u00e1 de que pueden hacerlo en otra etapa del debate. &#8220;Por el momento, no&#8221;, respondi\u00f3 P\u00e1ez. &#8220;Por el momento no quiero declarar&#8221;, dijo Esp\u00f3sito Valenti.<\/p>\n\n\n\n<p>El hecho se produjo en la vivienda de la calle Allan Kardec que, la madre del ni\u00f1o de cinco a\u00f1os, compart\u00eda con su pareja. El Ministerio P\u00fablico Fiscal les imput\u00f3 no solo el homicidio, sino que adem\u00e1s refiri\u00f3 que existieron maltrato infantil cr\u00f3nico y agresiones f\u00edsicas y sexuales.<\/p>\n\n\n\n<p>El Tribunal de Audiencia que est\u00e1 a cargo del caso lo componen la jueza Alejandra Ongaro y los jueces Andr\u00e9s Oli\u00e9 y Daniel S\u00e1ez Zamora. Por el MPF participaron, en la primera jornada, el fiscal general M\u00e1ximo Paulucci, el fiscal Walter Martos y las fiscalas Ver\u00f3nica Silvana Ferrero y Mar\u00eda M\u00f3nica Rivero; y por la defensa p\u00fablica, Pablo Andr\u00e9s De Biasi y Mar\u00eda Silvina Blanco G\u00f3mez (acompa\u00f1ada por Maximiliano Lucero), en representaci\u00f3n de Valenti y P\u00e1ez, respectivamente.<\/p>\n\n\n\n<p>Tambi\u00e9n asistieron las asesoras de ni\u00f1as, ni\u00f1os y adolescentes, Graciela Massara y Mar\u00eda Gabriela Manera; y el abogado Jos\u00e9 Mario Aguerrido y la abogada Carla Mar\u00eda Brenda Alonso en nombre de Christian Dupuy, el padre de la v\u00edctima, que se present\u00f3 como querellante particular en el proceso.&nbsp;<\/p>\n\n\n\n<p>En el inicio del debate, el Tribunal rechaz\u00f3 un requerimiento de la defensa para que las imputadas no estuvieran presentes en la sala cuando la prensa ingres\u00f3, durante algunos minutos, para tomar im\u00e1genes.&nbsp;<\/p>\n\n\n\n<p>La madre de Lucio est\u00e1 acusada por la fiscal\u00eda de abuso sexual gravemente ultrajante por su duraci\u00f3n y formas concretas de realizaci\u00f3n y con acceso carnal v\u00eda anal y oral; agravado por ser la ascendiente, por ser cometido por dos personas y por existir convivencia entre ella y la v\u00edctima menor de 18 a\u00f1os; todo como delito continuado; en concurso real con homicidio calificado por ser la ascendiente, por ensa\u00f1amiento y alevos\u00eda.<\/p>\n\n\n\n<p>A su vez, la acusaci\u00f3n del M.P.F. contra P\u00e1ez es por abuso sexual gravemente ultrajante por su duraci\u00f3n y formas concretas de realizaci\u00f3n y con acceso carnal v\u00eda anal y oral; agravado por ser la guardadora al momento de los hechos, por ser cometido por dos personas y por existir convivencia entre ella y la v\u00edctima menor de 18 a\u00f1os; todo como delito continuado; en concurso real con homicidio calificado por ensa\u00f1amiento y alevos\u00eda.<\/p>\n\n\n\n<p><strong>Alegatos de apertura<\/strong><\/p>\n\n\n\n<p>La teor\u00eda del caso de la fiscal\u00eda es que las acusadas agredieron ese d\u00eda a Lucio en forma conjunta, entre las 17.30 y las 19.40, caus\u00e1ndole &#8220;m\u00faltiples lesiones&#8221; en el cuerpo y en la cabeza, y que muri\u00f3 luego de un per\u00edodo de agon\u00eda.<\/p>\n\n\n\n<p>Aguerrido adhiri\u00f3 a la teor\u00eda del caso y a la calificaci\u00f3n legal del M.P.F., pero agreg\u00f3 que el homicidio fue adem\u00e1s por odio de g\u00e9nero y que las imputadas fueron responsables por acci\u00f3n u omisi\u00f3n de las presuntas conductas violentas. &#8220;No importa qui\u00e9n fue la autora y qui\u00e9n cooper\u00f3 porque ambas fueron autoras&#8221;, subray\u00f3. Y pidi\u00f3 que los hechos se eval\u00faen en el marco de la ley 26061 de Protecci\u00f3n integral de los derechos de ni\u00f1as, ni\u00f1os y adolescentes.<\/p>\n\n\n\n<p>Massara, a su turno, le pidi\u00f3 al Tribunal que &#8220;ponga especial a la temporalidad de las heridas&#8221; y que evalu\u00e9 dos circunstancias: la mendacidad de las imputadas cu\u00e1ndo manifestaron c\u00f3mo se produjo la muerte de Lucio y la edad y el sexo de la v\u00edctima.<\/p>\n\n\n\n<p>Por su parte, Blanco G\u00f3mez afirm\u00f3 que &#8220;el resultado muerte no fue querido&#8221; por P\u00e1ez y que, por el contrario, ella &#8220;procur\u00f3 evitarlo&#8221;. Agreg\u00f3 que &#8220;existen dudas razonables&#8221; sobre la imputaci\u00f3n de abuso sexual y que la acusada acompa\u00f1\u00f3 a Esp\u00f3sito Valenti (25) cuando le otorgaron el cuidado del ni\u00f1o porque &#8220;hay sospechas de que Lucio ya sufr\u00eda maltratos&#8221; cuando conviv\u00eda con la familia paterna. Adem\u00e1s remarc\u00f3, para refutar a la querella, que &#8220;no es indistinto la autor\u00eda que la colaboraci\u00f3n&#8221; cuando eventualmente se comete un delito.<\/p>\n\n\n\n<p>De Biasi dijo, en el alegato de apertura, que Esp\u00f3sito Valenti &#8220;no fue la autora material&#8221; de los delitos por los que est\u00e1 imputada, indic\u00f3 que &#8220;hay dudas razonables&#8221; para poder probarle los hechos y reiter\u00f3 que Lucio ya ven\u00eda sufriendo agresiones antes de que quedara a cargo de su madre. Ambas defensas manifestaron que tratar\u00e1n de probar la inocencia de las acusadas o alternativamente que haya un cambio en la calificaci\u00f3n legal.<\/p>\n\n\n\n<p>Luego, cuando la jueza Ongaro les pregunt\u00f3 a P\u00e1ez y Esp\u00f3sito Valenti, si quer\u00edan declarar; las dos se negaron ampar\u00e1ndose en un derecho constitucional, m\u00e1s all\u00e1 de que pueden hacerlo en otra etapa del debate. &#8220;Por el momento, no&#8221;, respondi\u00f3 P\u00e1ez. &#8220;Por el momento no quiero declarar&#8221;, dijo Esp\u00f3sito Valenti.<\/p>\n\n\n\n<p><strong>El primer testigo<\/strong><\/p>\n\n\n\n<p>Christian Dupuy fue el primero del m\u00e1s del centenar de testigos que ser\u00e1n escuchados en las 20 jornadas en que se desarrollar\u00e1 el juicio y que concluir\u00e1 el 22 de diciembre. A pedido de la querella lo hizo sin la presencia de las acusadas en la sala.<\/p>\n\n\n\n<p>El primero en interrogarlo fue Aguerrido. Lo hizo durante 45 minutos, en los que Dupuy relat\u00f3 detalles de c\u00f3mo hab\u00eda sido la vida familiar con Esp\u00f3sito Valenti y Lucio, cu\u00e1l fue la relaci\u00f3n con la imputada cuando se qued\u00f3 a cargo de la v\u00edctima y cu\u00e1ndo fue la \u00faltima vez que vio a su hijo, entre otras cuestiones.<\/p>\n\n\n\n<p>En la ronda de preguntas siguieron Ferrero y Massara y finalmente las defensas. Blanco G\u00f3mez interrog\u00f3 sobre ciertas fechas y temas puntuales, y De Biasi apunt\u00f3 espec\u00edficamente a circunstancias personales sobre el cuidado de Lucio y su vinculaci\u00f3n con \u00e9l.<\/p>\n","protected":false},"excerpt":{"rendered":"<p>El debate se inici\u00f3 ayer. Las acusadas por el brutal homicidio se negaron a declarar en el juicio y el<\/p>\n","protected":false},"author":1,"featured_media":8616,"comment_status":"open","ping_status":"open","sticky":false,"template":"","format":"standard","meta":{"colormag_page_container_layout":"default_layout","colormag_page_sidebar_layout":"default_layout","footnotes":""},"categories":[4,8],"tags":[],"class_list":["post-8615","post","type-post","status-publish","format-standard","has-post-thumbnail","hentry","category-provincia","category-ultimas-noticias"],"_links":{"self":[{"href":"https:\/\/notipampa.com\/index.php?rest_route=\/wp\/v2\/posts\/8615","targetHints":{"allow":["GET"]}}],"collection":[{"href":"https:\/\/notipampa.com\/index.php?rest_route=\/wp\/v2\/posts"}],"about":[{"href":"https:\/\/notipampa.com\/index.php?rest_route=\/wp\/v2\/types\/post"}],"author":[{"embeddable":true,"href":"https:\/\/notipampa.com\/index.php?rest_route=\/wp\/v2\/users\/1"}],"replies":[{"embeddable":true,"href":"https:\/\/notipampa.com\/index.php?rest_route=%2Fwp%2Fv2%2Fcomments&post=8615"}],"version-history":[{"count":2,"href":"https:\/\/notipampa.com\/index.php?rest_route=\/wp\/v2\/posts\/8615\/revisions"}],"predecessor-version":[{"id":8624,"href":"https:\/\/notipampa.com\/index.php?rest_route=\/wp\/v2\/posts\/8615\/revisions\/8624"}],"wp:featuredmedia":[{"embeddable":true,"href":"https:\/\/notipampa.com\/index.php?rest_route=\/wp\/v2\/media\/8616"}],"wp:attachment":[{"href":"https:\/\/notipampa.com\/index.php?rest_route=%2Fwp%2Fv2%2Fmedia&parent=8615"}],"wp:term":[{"taxonomy":"category","embeddable":true,"href":"https:\/\/notipampa.com\/index.php?rest_route=%2Fwp%2Fv2%2Fcategories&post=8615"},{"taxonomy":"post_tag","embeddable":true,"href":"https:\/\/notipampa.com\/index.php?rest_route=%2Fwp%2Fv2%2Ftags&post=8615"}],"curies":[{"name":"wp","href":"https:\/\/api.w.org\/{rel}","templated":true}]}}