{"id":8464,"date":"2022-11-01T10:00:53","date_gmt":"2022-11-01T13:00:53","guid":{"rendered":"https:\/\/notipampa.com\/?p=8464"},"modified":"2022-11-01T10:00:54","modified_gmt":"2022-11-01T13:00:54","slug":"arbitro-lesionado-en-un-partido-de-veteranos-de-la-liga-pampeana","status":"publish","type":"post","link":"https:\/\/notipampa.com\/?p=8464","title":{"rendered":"\u00c1rbitro lesionado en un partido de Veteranos de la Liga Pampeana"},"content":{"rendered":"\n<p><strong>El s\u00e1bado, durante un partido de la Liga de Veteranos de la Liga Pampeana entre PFC y Caleuf\u00fa, el \u00e1rbitro Franco Mor\u00f3n fue agredido gravemente.<\/strong><\/p>\n\n\n\n<p>Franco cont\u00f3 que \u201ca los 20 minutos del primer tiempo del partido tuve que suspender el partido porque un jugador de Caleuf\u00fa me peg\u00f3 fuertemente en el rostro. Completamente sorprendente porque en la Liga de Veteranos los jugadores van a divertirse, a pasar un buen momento. Esta persona perdi\u00f3 la cabeza y mancha a la Liga\u201d.<\/p>\n\n\n\n<p>Sobre su salud, el joven aclar\u00f3 que \u201cestoy bien. Me hicieron estudios porque ten\u00eda inflamada la mand\u00edbula, pero por suerte no tengo fractura, solo inflamaci\u00f3n y dolor\u201d.<\/p>\n\n\n\n<p>\u201cHace 16 a\u00f1os que dirijo y siempre estoy alerta a posibilidades de agresiones,&nbsp;porque estamos expuestos a esas cosas, pero cuando expuls\u00e9 al jugador no esper\u00e9 que reaccione as\u00ed. Hice la denuncia por lesiones leves\u201d, sostuvo Franco.<\/p>\n\n\n\n<p>Sobre la evaluaci\u00f3n del a\u00f1o, m\u00e1s all\u00e1 de esta agresi\u00f3n, Mor\u00f3n manifest\u00f3 que \u201cen lo personal estoy muy contento porque me tuvieron en cuenta casi todo el a\u00f1o, excepto las \u00faltimas fechas de finales, pero jugu\u00e9 todo el a\u00f1o en la Nacional B y Primera Divisi\u00f3n. Estuve en Federal A como principal, pude conocer y el ambiente es hermoso. Espero seguir creciendo el a\u00f1o que viene\u201d.<\/p>\n\n\n\n<p>Infopico<\/p>\n","protected":false},"excerpt":{"rendered":"<p>El s\u00e1bado, durante un partido de la Liga de Veteranos de la Liga Pampeana entre PFC y Caleuf\u00fa, el \u00e1rbitro<\/p>\n","protected":false},"author":1,"featured_media":8465,"comment_status":"open","ping_status":"open","sticky":false,"template":"","format":"standard","meta":{"colormag_page_container_layout":"default_layout","colormag_page_sidebar_layout":"default_layout","footnotes":""},"categories":[4,8],"tags":[],"class_list":["post-8464","post","type-post","status-publish","format-standard","has-post-thumbnail","hentry","category-provincia","category-ultimas-noticias"],"_links":{"self":[{"href":"https:\/\/notipampa.com\/index.php?rest_route=\/wp\/v2\/posts\/8464","targetHints":{"allow":["GET"]}}],"collection":[{"href":"https:\/\/notipampa.com\/index.php?rest_route=\/wp\/v2\/posts"}],"about":[{"href":"https:\/\/notipampa.com\/index.php?rest_route=\/wp\/v2\/types\/post"}],"author":[{"embeddable":true,"href":"https:\/\/notipampa.com\/index.php?rest_route=\/wp\/v2\/users\/1"}],"replies":[{"embeddable":true,"href":"https:\/\/notipampa.com\/index.php?rest_route=%2Fwp%2Fv2%2Fcomments&post=8464"}],"version-history":[{"count":1,"href":"https:\/\/notipampa.com\/index.php?rest_route=\/wp\/v2\/posts\/8464\/revisions"}],"predecessor-version":[{"id":8466,"href":"https:\/\/notipampa.com\/index.php?rest_route=\/wp\/v2\/posts\/8464\/revisions\/8466"}],"wp:featuredmedia":[{"embeddable":true,"href":"https:\/\/notipampa.com\/index.php?rest_route=\/wp\/v2\/media\/8465"}],"wp:attachment":[{"href":"https:\/\/notipampa.com\/index.php?rest_route=%2Fwp%2Fv2%2Fmedia&parent=8464"}],"wp:term":[{"taxonomy":"category","embeddable":true,"href":"https:\/\/notipampa.com\/index.php?rest_route=%2Fwp%2Fv2%2Fcategories&post=8464"},{"taxonomy":"post_tag","embeddable":true,"href":"https:\/\/notipampa.com\/index.php?rest_route=%2Fwp%2Fv2%2Ftags&post=8464"}],"curies":[{"name":"wp","href":"https:\/\/api.w.org\/{rel}","templated":true}]}}