{"id":8183,"date":"2022-10-03T08:19:20","date_gmt":"2022-10-03T11:19:20","guid":{"rendered":"https:\/\/notipampa.com\/?p=8183"},"modified":"2022-10-03T08:19:21","modified_gmt":"2022-10-03T11:19:21","slug":"la-pampa-en-la-feria-internacional-de-turismo-de-america-latina-fit","status":"publish","type":"post","link":"https:\/\/notipampa.com\/?p=8183","title":{"rendered":"La Pampa en la Feria Internacional de Turismo de Am\u00e9rica Latina FIT"},"content":{"rendered":"\n<p><strong>En el primer d\u00eda del encuentro m\u00e1s importante del turismo de Latinoam\u00e9rica que se desarrolla del 1 al 4 de octubre en el predio La Rural de Palermo en la Ciudad Aut\u00f3noma de Buenos Aires, La Pampa fue protagonista con un stand ambientado y con pantalla gigante en el Pabell\u00f3n Nacional. \u00a0<\/strong><\/p>\n\n\n\n<p>Con un predio colmado, la agenda inici\u00f3 con la presencia del ministro de Turismo y Deportes de la Naci\u00f3n, Mat\u00edas Lammens, el presidente de la Federaci\u00f3n Argentina de Asociaciones de Empresas de Viajes y Turismo (FAEVYT), Gustavo Hani y el presidente del Ente de Turismo de Buenos Aires, Lucas Delfino quienes analizaron la situaci\u00f3n actual y la fortaleza de los sectores p\u00fablicos y privados para luego de momentos dif\u00edciles impulsar este encuentro tan esperado.<br>Lammens salud\u00f3 a las autoridades que acompa\u00f1an y al p\u00fablico en general en esta nueva edici\u00f3n de una de las ferias m\u00e1s importantes de Latinoam\u00e9rica despu\u00e9s de un 2022 que el sector se recuper\u00f3 de la peor crisis de la historia \u201del Previaje fue la mayor inversi\u00f3n en la industria del turismo y los n\u00fameros hablan de una temporada de verano r\u00e9cord\u201d tambi\u00e9n afirm\u00f3 \u201cTenemos una gran oportunidad con el turismo, entre todos los que construimos esto, este sector se ha consolidado en el inconsciente colectivo como una de las grandes industrias argentinas\u201d<br>La comitiva oficial de la Feria, encabezada por el secretario ejecutivo del Inprotur, Ricardo Sosa y el presidente de la FAEVYT, Gustavo Hani recorri\u00f3 el stand pampeano donde los prestadores (hoteles, gu\u00edas, referentes municipales, Mercado Artesanal, entre otros) le comentaron sobre las diversas actividades. La secretaria de Turismo, Adriana Romero, reiter\u00f3 la invitaci\u00f3n para que Sosa y su equipo visiten las canchas de golf de La Pampa en las ciudades de Santa Rosa y General Pico.<br>En ese marco, adem\u00e1s de las actividades l\u00fadicas que ofrece el espacio, a las 16:00 fue posible disfrutar de una demostraci\u00f3n de gastronom\u00eda y vinos pampeanos a cargo de Ricardo Belfiore y Leo Hern\u00e0nde, reconocidos chefs pampeanos que desde hace tiempo vienen mostrando sus habilidades culinarias en distintas muestras nacionales representando productos regionales.<br>Avanzada la tarde, el stand de La Pampa sum\u00f3 el desfile del Mercado Artesanal, donde se lucieron ponchos y piezas realizadas a mano con distintas t\u00e9cnicas de tejido en telar tradicional confeccionadas por las artesanas Luisa Canhue, Irma Cabral, Liz Carripil\u00f2n y Anal\u00eca Carripil\u00f2n.<br>La jornada cerr\u00f3 con el cantante y compositor pampeano Thomas V\u00e1zquez, oriundo de Lonquimay que particip\u00f2 en programas televisivos como Talento Argentino y So\u00f1ando por Cantar, entre otros.<\/p>\n\n\n\n<p>Los prestadores que est\u00e1n presentes y acompa\u00f1an el espacio de La Pampa son:<br>Descubr\u00ed La Pampa &#8211; Visitas guiadas &#8211; M\u00f3nica Salvador.<br>Municipalidad de Victorica &#8211; Noelia Fern\u00e1ndez<br>Posada de campo Mamul Mapu \/ Resto Bar El Tentador\u00a0 &#8211; Pablo Olguin<br>Municipalidad de Winifreda &#8211;<br>Che Pampa EVyT &#8211; Maribi Medina<br>Municipalidad de Eduardo Castex\u00a0 &#8211; Andrea Messa<br>Municipalidad de General Pico &#8211; Margarita Cervio<br>Macachin &#8211; Sofia Menvielle<br>Municipalidad de Realic\u00f3 &#8211; Liliana Burgos<br>Terra Pampa by Caichue &#8211; Mart\u00edn Donnely<br>Hotel Unit Santa Rosa &#8211; Nicol\u00e0s Diaz<br>Chevallier \/ Pulmann\/ Gral. Belgrano<br><br>Cabe destacar que este domingo contin\u00faan los desfiles del Mercado Artesanal y las degustaciones en el stand de La Pampa. La feria est\u00e1 abierta al p\u00fablico en general los d\u00edas 1 y 2 de octubre en el horario de 14 a 21 y los d\u00edas posteriores, las actividades son exclusivas para la prensa y profesionales del sector.<\/p>\n\n\n\n<figure class=\"wp-block-image size-large is-resized\"><img fetchpriority=\"high\" decoding=\"async\" src=\"https:\/\/notipampa.com\/wp-content\/uploads\/2022\/10\/262548_whatsapp-image-2022-10-01-at-21.52.30-1024x678.jpeg\" alt=\"\" class=\"wp-image-8185\" width=\"1034\" height=\"685\" srcset=\"https:\/\/notipampa.com\/wp-content\/uploads\/2022\/10\/262548_whatsapp-image-2022-10-01-at-21.52.30-1024x678.jpeg 1024w, https:\/\/notipampa.com\/wp-content\/uploads\/2022\/10\/262548_whatsapp-image-2022-10-01-at-21.52.30-300x199.jpeg 300w, https:\/\/notipampa.com\/wp-content\/uploads\/2022\/10\/262548_whatsapp-image-2022-10-01-at-21.52.30-768x508.jpeg 768w, https:\/\/notipampa.com\/wp-content\/uploads\/2022\/10\/262548_whatsapp-image-2022-10-01-at-21.52.30.jpeg 1280w\" sizes=\"(max-width: 1034px) 100vw, 1034px\" \/><\/figure>\n","protected":false},"excerpt":{"rendered":"<p>En el primer d\u00eda del encuentro m\u00e1s importante del turismo de Latinoam\u00e9rica que se desarrolla del 1 al 4 de<\/p>\n","protected":false},"author":1,"featured_media":8184,"comment_status":"open","ping_status":"open","sticky":false,"template":"","format":"standard","meta":{"colormag_page_container_layout":"default_layout","colormag_page_sidebar_layout":"default_layout","footnotes":""},"categories":[4,8],"tags":[],"class_list":["post-8183","post","type-post","status-publish","format-standard","has-post-thumbnail","hentry","category-provincia","category-ultimas-noticias"],"_links":{"self":[{"href":"https:\/\/notipampa.com\/index.php?rest_route=\/wp\/v2\/posts\/8183","targetHints":{"allow":["GET"]}}],"collection":[{"href":"https:\/\/notipampa.com\/index.php?rest_route=\/wp\/v2\/posts"}],"about":[{"href":"https:\/\/notipampa.com\/index.php?rest_route=\/wp\/v2\/types\/post"}],"author":[{"embeddable":true,"href":"https:\/\/notipampa.com\/index.php?rest_route=\/wp\/v2\/users\/1"}],"replies":[{"embeddable":true,"href":"https:\/\/notipampa.com\/index.php?rest_route=%2Fwp%2Fv2%2Fcomments&post=8183"}],"version-history":[{"count":1,"href":"https:\/\/notipampa.com\/index.php?rest_route=\/wp\/v2\/posts\/8183\/revisions"}],"predecessor-version":[{"id":8186,"href":"https:\/\/notipampa.com\/index.php?rest_route=\/wp\/v2\/posts\/8183\/revisions\/8186"}],"wp:featuredmedia":[{"embeddable":true,"href":"https:\/\/notipampa.com\/index.php?rest_route=\/wp\/v2\/media\/8184"}],"wp:attachment":[{"href":"https:\/\/notipampa.com\/index.php?rest_route=%2Fwp%2Fv2%2Fmedia&parent=8183"}],"wp:term":[{"taxonomy":"category","embeddable":true,"href":"https:\/\/notipampa.com\/index.php?rest_route=%2Fwp%2Fv2%2Fcategories&post=8183"},{"taxonomy":"post_tag","embeddable":true,"href":"https:\/\/notipampa.com\/index.php?rest_route=%2Fwp%2Fv2%2Ftags&post=8183"}],"curies":[{"name":"wp","href":"https:\/\/api.w.org\/{rel}","templated":true}]}}