{"id":8066,"date":"2022-09-23T08:38:24","date_gmt":"2022-09-23T11:38:24","guid":{"rendered":"https:\/\/notipampa.com\/?p=8066"},"modified":"2022-09-23T08:38:25","modified_gmt":"2022-09-23T11:38:25","slug":"detuvieron-cerca-de-general-pico-a-dos-hombres-que-habian-robado-en-un-campo-de-vertiz-les-secuestraron-la-camioneta-y-la-policia-recupero-todos-los-elementos-robados","status":"publish","type":"post","link":"https:\/\/notipampa.com\/?p=8066","title":{"rendered":"Detuvieron cerca de General Pico a dos hombres que hab\u00edan robado en un campo de V\u00e9rtiz: Les secuestraron la camioneta y la Polic\u00eda recuper\u00f3 todos los elementos robados"},"content":{"rendered":"\n<ul class=\"wp-block-list\"><li>Con la descripci\u00f3n del rodado y con colaboraci\u00f3n de la polic\u00eda de Speluzzi, la Polic\u00eda detuvo al veh\u00edculo sospechoso cerca de General Pico<\/li><li>Les labraron actuaciones judiciales por \u201churto\u201d e intervino la fiscal de Delitos contra la Propiedad<\/li><\/ul>\n\n\n\n<p>Ayer mi\u00e9rcoles, personal policial de la subcomisar\u00eda de V\u00e9rtiz fueron alertados por un vecino de un predio rural, ya que un veh\u00edculo sospechoso hab\u00eda ingresado a su campo.<\/p>\n\n\n\n<p>R\u00e1pidamente, la Polic\u00eda se dirigi\u00f3 hacia el lugar y notaron que faltaban elementos. Con la descripci\u00f3n del rodado y con colaboraci\u00f3n de la polic\u00eda de Speluzzi, la Polic\u00eda detuvo al veh\u00edculo sospechoso cerca de General Pico.<\/p>\n\n\n\n<p>En concreto, dos hombres que circulaban en la camioneta hab\u00edan robado elementos del predio rural \u201cLos Abuelos\u201d ubicado a pocos kil\u00f3metros de dicha localidad.<\/p>\n\n\n\n<figure class=\"wp-block-image\"><img decoding=\"async\" src=\"https:\/\/www.infopico.com\/wp-content\/uploads\/2022\/09\/11111111111111111111111111111.jpg?x43289\" alt=\"\" class=\"wp-image-198779\"\/><\/figure>\n\n\n\n<p>En este caso, les labraron actuaciones judiciales por \u201churto\u201d e intervino la fiscal de Delitos contra la Propiedad de General Pico.<\/p>\n\n\n\n<p>Los autores del robo quedaron detenidos en Comisar\u00eda Primera a disposici\u00f3n de la justicia y recuperaron la libertad en horas de la noche. Uno de ellos ten\u00eda antecedentes policiales y judiciales.<\/p>\n\n\n\n<p>La Polic\u00eda procedi\u00f3 a secuestrar la pickup y los elementos sustra\u00eddos. Del mismo modo, labraron un acta de infracci\u00f3n respecto la Ley Nacional de Tr\u00e1nsito 24.449 por las irregularidades que presentaba el veh\u00edculo.<\/p>\n\n\n\n<p>Infopico<\/p>\n","protected":false},"excerpt":{"rendered":"<p>Con la descripci\u00f3n del rodado y con colaboraci\u00f3n de la polic\u00eda de Speluzzi, la Polic\u00eda detuvo al veh\u00edculo sospechoso cerca<\/p>\n","protected":false},"author":1,"featured_media":8067,"comment_status":"open","ping_status":"open","sticky":false,"template":"","format":"standard","meta":{"colormag_page_container_layout":"default_layout","colormag_page_sidebar_layout":"default_layout","footnotes":""},"categories":[56,4,8],"tags":[],"class_list":["post-8066","post","type-post","status-publish","format-standard","has-post-thumbnail","hentry","category-policiales","category-provincia","category-ultimas-noticias"],"_links":{"self":[{"href":"https:\/\/notipampa.com\/index.php?rest_route=\/wp\/v2\/posts\/8066","targetHints":{"allow":["GET"]}}],"collection":[{"href":"https:\/\/notipampa.com\/index.php?rest_route=\/wp\/v2\/posts"}],"about":[{"href":"https:\/\/notipampa.com\/index.php?rest_route=\/wp\/v2\/types\/post"}],"author":[{"embeddable":true,"href":"https:\/\/notipampa.com\/index.php?rest_route=\/wp\/v2\/users\/1"}],"replies":[{"embeddable":true,"href":"https:\/\/notipampa.com\/index.php?rest_route=%2Fwp%2Fv2%2Fcomments&post=8066"}],"version-history":[{"count":1,"href":"https:\/\/notipampa.com\/index.php?rest_route=\/wp\/v2\/posts\/8066\/revisions"}],"predecessor-version":[{"id":8068,"href":"https:\/\/notipampa.com\/index.php?rest_route=\/wp\/v2\/posts\/8066\/revisions\/8068"}],"wp:featuredmedia":[{"embeddable":true,"href":"https:\/\/notipampa.com\/index.php?rest_route=\/wp\/v2\/media\/8067"}],"wp:attachment":[{"href":"https:\/\/notipampa.com\/index.php?rest_route=%2Fwp%2Fv2%2Fmedia&parent=8066"}],"wp:term":[{"taxonomy":"category","embeddable":true,"href":"https:\/\/notipampa.com\/index.php?rest_route=%2Fwp%2Fv2%2Fcategories&post=8066"},{"taxonomy":"post_tag","embeddable":true,"href":"https:\/\/notipampa.com\/index.php?rest_route=%2Fwp%2Fv2%2Ftags&post=8066"}],"curies":[{"name":"wp","href":"https:\/\/api.w.org\/{rel}","templated":true}]}}