{"id":8045,"date":"2022-09-21T08:42:29","date_gmt":"2022-09-21T11:42:29","guid":{"rendered":"https:\/\/notipampa.com\/?p=8045"},"modified":"2022-09-21T08:42:31","modified_gmt":"2022-09-21T11:42:31","slug":"transporte-y-espacios-cerrados-el-gobierno-nacional-dispuso-el-fin-del-uso-del-barbijo","status":"publish","type":"post","link":"https:\/\/notipampa.com\/?p=8045","title":{"rendered":"Transporte y espacios cerrados: el Gobierno Nacional dispuso el fin del uso del barbijo"},"content":{"rendered":"\n<p><strong>La medida fue publicada este mi\u00e9rcoles en el Bolet\u00edn Oficial. Cada Jurisdicci\u00f3n podr\u00e1 adoptar las recomendaciones pertinentes en funci\u00f3n de su situaci\u00f3n epidemiol\u00f3gica particular y la estrategia sanitaria planificada<\/strong><\/p>\n\n\n\n<p>Dos a\u00f1os y medio despu\u00e9s del inicio de la pandemia de&nbsp;<strong>COVID-19<\/strong>, el Gobierno Nacional dispuso el fin del uso del barbijo\/tapaboca en el transporte p\u00fablico y los espacios cerrados.<\/p>\n\n\n\n<p>La medida fue confirmada a trav\u00e9s de la&nbsp;<strong>Resoluci\u00f3n 1849\/2022&nbsp;<\/strong>del&nbsp;<strong>Ministerio de Salud<\/strong>, publicada este mi\u00e9rcoles en el<strong>&nbsp;Bolet\u00edn Oficial<\/strong>: \u201cEstabl\u00e9cese el car\u00e1cter no obligatorio del uso del barbijo\u201d, indica la norma.<\/p>\n\n\n\n<p>No obstante, la cartera a cargo de&nbsp;<strong>Carla Vizzotti<\/strong>, contin\u00faa recomendando su uso \u201cen espacios interiores, incluyendo los \u00e1mbitos laborales, educativos, sociales y el transporte p\u00fablico\u201d; y entre las \u201cmedidas de prevenci\u00f3n general\u201d, se sugiere: asegurar la ventilaci\u00f3n de los ambientes; mantener la higiene adecuada y frecuente de manos; ante la presencia de s\u00edntomas evitar el contacto con otras personas, no acudir a actividades laborales, sociales, educativas, lugares p\u00fablicos y evitar el uso de transporte\u201d.<\/p>\n\n\n\n<p><strong>\u201cCada Jurisdicci\u00f3n podr\u00e1 adoptar las recomendaciones pertinentes en funci\u00f3n de su situaci\u00f3n epidemiol\u00f3gica particular y la estrategia sanitaria planificada\u201d<\/strong>, aclara el Gobierno en la resoluci\u00f3n publicada esta madrugada.<\/p>\n\n\n\n<p>La obligatoriedad del uso del barbijo se dispuso al comienzo de la pandemia de coronavirus. Luego, a medida que avanz\u00f3 la campa\u00f1a de vacunaci\u00f3n, y fueron disminuyendo los contagios y las muertes, se fue flexibilizando en varios \u00e1mbitos manteni\u00e9ndose la obligaci\u00f3n de su uso en espacios cerrados y el transporte.<\/p>\n\n\n\n<figure class=\"wp-block-image\"><img decoding=\"async\" src=\"https:\/\/cloudfront-us-east-1.images.arcpublishing.com\/infobae\/KVRFADQ4JFGNLG6SDIUVL7RHOA.jpeg\" alt=\"\"\/><\/figure>\n\n\n\n<p>El Gobierno se\u00f1al\u00f3 \u201ctres grandes olas de contagios\u201d que ocurrieron en Argentina: la primera con dos picos a mediados de 2020 y al comienzo de 2021, la segunda a mitad del a\u00f1o pasado y la \u00faltima al inicio de 2022. Esta \u00faltima \u201cse da en el marco de una poblaci\u00f3n con altas coberturas de vacunaci\u00f3n\u201d, destac\u00f3 el Poder Ejecutivo. \u201cActualmente, luego de un nuevo per\u00edodo de aumento, de menor envergadura que los anteriores, se evidencia un per\u00edodo de descenso sostenido de casos\u201d, se agreg\u00f3.<\/p>\n\n\n\n<p>\u201cDesde el inicio de la Campa\u00f1a Nacional de Vacunaci\u00f3n contra COVID-19 hasta el 6 de septiembre de 2022 se alcanz\u00f3 una cobertura del 82,5% en poblaci\u00f3n general y 81,7 % en mayores de 3 a\u00f1os con dos (2) dosis de vacuna, y de 46,7 % en poblaci\u00f3n general y 73,5% en mayores de 60 a\u00f1os con el primer refuerzo\u201d, precis\u00f3 el&nbsp;<strong>Ministerio de Salud<\/strong>. Con respecto a la ocupaci\u00f3n de camas de terapia intensiva por COVID-19, todas las provincias se ubican por debajo del 75% de ocupaci\u00f3n y la cantidad de pacientes en Unidades de Terapia Intensiva (UTI) reportados por las jurisdicciones presenta un leve descenso en las \u00faltimas cuatro semanas.<\/p>\n\n\n\n<p>En tanto, en lo que va de 2022, \u201cpuede notarse un comportamiento inusual tanto en la estacionalidad y n\u00famero de casos registrados de influenza como la frecuencia y distribuci\u00f3n de otros virus respiratorios\u201d. Pese a que el Gobierno estableci\u00f3 que el uso del barbijo deja de ser obligatorio, se hizo hincapi\u00e9 en que es \u201cuna herramienta eficaz para evitar la trasmisi\u00f3n de virus respiratorios de persona a persona y su uso es beneficioso para la prevenci\u00f3n de enfermedades estacionales\u201d.<\/p>\n\n\n\n<p>\u201cEn esta nueva etapa de la pandemia se puede afirmar que el SARS-CoV-2 es un virus de circulaci\u00f3n estacional y, adem\u00e1s, que la inmunidad natural y\/o por la vacuna no garantiza su eliminaci\u00f3n, por lo tanto se pueden presentar situaciones particulares donde sea necesario establecer el uso de barbijo\u201d, explic\u00f3 la cartera sanitaria.<\/p>\n\n\n\n<p>A mediados de junio,\u00a0el Gobierno de la Ciudad de Buenos Aires dispuso que el uso del barbijo sea opcional en lugares cerrados\u00a0y en los subtes, sin embargo mantuvo su obligatoriedad para los colectivos y trenes que circulan por el \u00c1rea Metropolitana de Buenos Aires (AMBA), por tratarse de servicios que dependen de jurisdicci\u00f3n nacional. Con la resoluci\u00f3n del Ministerio de Salud de la Naci\u00f3n, a partir de hoy las jurisdicciones podr\u00e1n adoptar las medidas pertinentes al respecto de acuerdo a su situaci\u00f3n epidemiol\u00f3gica particular.<\/p>\n","protected":false},"excerpt":{"rendered":"<p>La medida fue publicada este mi\u00e9rcoles en el Bolet\u00edn Oficial. Cada Jurisdicci\u00f3n podr\u00e1 adoptar las recomendaciones pertinentes en funci\u00f3n de<\/p>\n","protected":false},"author":1,"featured_media":8046,"comment_status":"open","ping_status":"open","sticky":false,"template":"","format":"standard","meta":{"colormag_page_container_layout":"default_layout","colormag_page_sidebar_layout":"default_layout","footnotes":""},"categories":[5,8],"tags":[],"class_list":["post-8045","post","type-post","status-publish","format-standard","has-post-thumbnail","hentry","category-nacionales","category-ultimas-noticias"],"_links":{"self":[{"href":"https:\/\/notipampa.com\/index.php?rest_route=\/wp\/v2\/posts\/8045","targetHints":{"allow":["GET"]}}],"collection":[{"href":"https:\/\/notipampa.com\/index.php?rest_route=\/wp\/v2\/posts"}],"about":[{"href":"https:\/\/notipampa.com\/index.php?rest_route=\/wp\/v2\/types\/post"}],"author":[{"embeddable":true,"href":"https:\/\/notipampa.com\/index.php?rest_route=\/wp\/v2\/users\/1"}],"replies":[{"embeddable":true,"href":"https:\/\/notipampa.com\/index.php?rest_route=%2Fwp%2Fv2%2Fcomments&post=8045"}],"version-history":[{"count":1,"href":"https:\/\/notipampa.com\/index.php?rest_route=\/wp\/v2\/posts\/8045\/revisions"}],"predecessor-version":[{"id":8047,"href":"https:\/\/notipampa.com\/index.php?rest_route=\/wp\/v2\/posts\/8045\/revisions\/8047"}],"wp:featuredmedia":[{"embeddable":true,"href":"https:\/\/notipampa.com\/index.php?rest_route=\/wp\/v2\/media\/8046"}],"wp:attachment":[{"href":"https:\/\/notipampa.com\/index.php?rest_route=%2Fwp%2Fv2%2Fmedia&parent=8045"}],"wp:term":[{"taxonomy":"category","embeddable":true,"href":"https:\/\/notipampa.com\/index.php?rest_route=%2Fwp%2Fv2%2Fcategories&post=8045"},{"taxonomy":"post_tag","embeddable":true,"href":"https:\/\/notipampa.com\/index.php?rest_route=%2Fwp%2Fv2%2Ftags&post=8045"}],"curies":[{"name":"wp","href":"https:\/\/api.w.org\/{rel}","templated":true}]}}