{"id":7801,"date":"2022-09-06T21:25:29","date_gmt":"2022-09-07T00:25:29","guid":{"rendered":"https:\/\/notipampa.com\/?p=7801"},"modified":"2022-09-06T21:25:31","modified_gmt":"2022-09-07T00:25:31","slug":"alvear-informe-sobre-la-sesion-ordinaria-del-concejo-deliberante-4","status":"publish","type":"post","link":"https:\/\/notipampa.com\/?p=7801","title":{"rendered":"Alvear: Informe sobre la sesi\u00f3n ordinaria del Concejo Deliberante"},"content":{"rendered":"\n<p>El d\u00eda jueves 1 de Septiembre de 2022, se reuni\u00f3 en Sesi\u00f3n Ordinaria del Concejo Deliberante de Intendente Alvear, presidido por la Presidenta Mar\u00eda Alejandra Oliva, y con la presencia de los concejales Vanesa Luj\u00e1n Ofelia Acedo, Cinta Nerina Cocchi y An\u00edbal Mart\u00edn Migliore, por el bloque Fre.Ju.Pa., y Fernando Luis Aznarez, Humberto Tom\u00e1s Andreani, Mar\u00eda Alejandra Hartfiel y Ra\u00fal Hip\u00f3lito Iglesias por el bloque Fre.Ve.Al.<\/p>\n\n\n\n<p>La Presidenta Mar\u00eda Alejandra Oliva inicia la sesi\u00f3n, dando lectura al Orden del d\u00eda, cuyos puntos se trataron de la siguiente manera:<\/p>\n\n\n\n<p><strong>Punto 1:<\/strong> Lectura y aprobaci\u00f3n de Acta N\u00ba 20. Se dio lectura por Secretar\u00eda, y se aprob\u00f3 por unanimidad, con modificaciones de forma.<\/p>\n\n\n\n<p><strong>Punto 2:<\/strong> Proyecto de Ordenanza \u201cS\/ Modificando Art\u00edculo 1\u00ba de Ordenanza N\u00ba 019\/2010 \u201cS\/ Otorgando un subsidio mensual al Cuerpo de Bomberos Voluntarios de Intendente Alvear\u201d. Se dio lectura por Secretar\u00eda, de nota de elevaci\u00f3n y del proyecto. Tras un breve debate, el proyecto se aprueba por unanimidad, con modificaciones de forma.<\/p>\n\n\n\n<p><strong>Punto 3:<\/strong> Proyecto de Ordenanza \u201cS\/ Confeccionando C\u00e1lculo de Recursos y Presupuesto de Gastos de la Municipalidad de Intendente Alvear para el a\u00f1o 2022\u201d. Por mayor\u00eda, el proyecto pas\u00f3 a Cuarto Intermedio para mayor an\u00e1lisis.<\/p>\n\n\n\n<p><strong>Punto 4:<\/strong> Balances de Erogaciones y Ejecuci\u00f3n de Gastos meses de Mayo y Junio de 2022. Ingres\u00f3 copia para cada bloque.<\/p>\n\n\n\n<p><strong>Punto 5: <\/strong>Rendiciones sobre Cuentas Pagadoras (bancarias) meses de Mayo y Junio de 2022. Ingres\u00f3 copia para cada bloque.<\/p>\n\n\n\n<p><strong>Punto 6:<\/strong> Correspondencia. Ingres\u00f3 por correspondencia:<\/p>\n\n\n\n<ul class=\"wp-block-list\"><li>Nota de la concejal Cintia Nerina Cocchi, informando que a partir del d\u00eda 8 de Septiembre, tomar\u00e1 licencia hasta finalizar el per\u00edodo ordinario.<\/li><\/ul>\n\n\n\n<ul class=\"wp-block-list\"><li>Ingres\u00f3 borrador del Convenio por el servicio de saneamiento ambiental (cloacas), entre la Municipalidad de Intendente Alvear y la COSERIA.<\/li><\/ul>\n\n\n\n<p><strong>Secretar\u00eda del Concejo Deliberante de la Municipalidad de Intendente Alvear<\/strong><\/p>\n","protected":false},"excerpt":{"rendered":"<p>El d\u00eda jueves 1 de Septiembre de 2022, se reuni\u00f3 en Sesi\u00f3n Ordinaria del Concejo Deliberante de Intendente Alvear, presidido<\/p>\n","protected":false},"author":1,"featured_media":7802,"comment_status":"open","ping_status":"open","sticky":false,"template":"","format":"standard","meta":{"colormag_page_container_layout":"default_layout","colormag_page_sidebar_layout":"default_layout","footnotes":""},"categories":[6,8],"tags":[],"class_list":["post-7801","post","type-post","status-publish","format-standard","has-post-thumbnail","hentry","category-locales","category-ultimas-noticias"],"_links":{"self":[{"href":"https:\/\/notipampa.com\/index.php?rest_route=\/wp\/v2\/posts\/7801","targetHints":{"allow":["GET"]}}],"collection":[{"href":"https:\/\/notipampa.com\/index.php?rest_route=\/wp\/v2\/posts"}],"about":[{"href":"https:\/\/notipampa.com\/index.php?rest_route=\/wp\/v2\/types\/post"}],"author":[{"embeddable":true,"href":"https:\/\/notipampa.com\/index.php?rest_route=\/wp\/v2\/users\/1"}],"replies":[{"embeddable":true,"href":"https:\/\/notipampa.com\/index.php?rest_route=%2Fwp%2Fv2%2Fcomments&post=7801"}],"version-history":[{"count":1,"href":"https:\/\/notipampa.com\/index.php?rest_route=\/wp\/v2\/posts\/7801\/revisions"}],"predecessor-version":[{"id":7803,"href":"https:\/\/notipampa.com\/index.php?rest_route=\/wp\/v2\/posts\/7801\/revisions\/7803"}],"wp:featuredmedia":[{"embeddable":true,"href":"https:\/\/notipampa.com\/index.php?rest_route=\/wp\/v2\/media\/7802"}],"wp:attachment":[{"href":"https:\/\/notipampa.com\/index.php?rest_route=%2Fwp%2Fv2%2Fmedia&parent=7801"}],"wp:term":[{"taxonomy":"category","embeddable":true,"href":"https:\/\/notipampa.com\/index.php?rest_route=%2Fwp%2Fv2%2Fcategories&post=7801"},{"taxonomy":"post_tag","embeddable":true,"href":"https:\/\/notipampa.com\/index.php?rest_route=%2Fwp%2Fv2%2Ftags&post=7801"}],"curies":[{"name":"wp","href":"https:\/\/api.w.org\/{rel}","templated":true}]}}