{"id":7792,"date":"2022-09-06T08:34:46","date_gmt":"2022-09-06T11:34:46","guid":{"rendered":"https:\/\/notipampa.com\/?p=7792"},"modified":"2022-09-06T08:34:47","modified_gmt":"2022-09-06T11:34:47","slug":"santa-rosa-una-mujer-le-prendio-fuego-el-auto-a-su-expareja","status":"publish","type":"post","link":"https:\/\/notipampa.com\/?p=7792","title":{"rendered":"Santa Rosa: Una mujer le prendi\u00f3 fuego el auto a su expareja"},"content":{"rendered":"\n<p>El hecho ocurri\u00f3 en una vivienda de un barrio ubicado al sudeste de esta ciudad capital.&nbsp;<strong>Las llamas tambi\u00e9n alcanzaron la casa de la mujer<\/strong>.&nbsp;<\/p>\n\n\n\n<p>Una mujer le prendi\u00f3 fuego el auto a su expareja y las llamas afectaron la vivienda de ella. Tuvieron que intervenir los Bomberos de la Polic\u00eda de la Pampa para sofocar las llamas.<\/p>\n\n\n\n<p>Todo ocurri\u00f3 este lunes, a primera hora de la tarde. Fuentes policiales indicaron que &#8220;la pareja ya ven\u00eda con problemas y hoy tuvieron una situaci\u00f3n al mediod\u00eda. Primero la mujer le quiso quemar la ropa, luego hizo lo mismo con el auto propiedad del sujeto y las llamas terminaron afectando la vivienda de la mujer&#8221;.<\/p>\n\n\n\n<p>La mujer ya habr\u00eda hecho denuncias contra su ex por violencia de g\u00e9nero.<\/p>\n\n\n\n<p>El domicilio en cuesti\u00f3n queda en la calle Cavero y Torres de Lastiri, al sudeste de esta ciudad capital.<\/p>\n","protected":false},"excerpt":{"rendered":"<p>El hecho ocurri\u00f3 en una vivienda de un barrio ubicado al sudeste de esta ciudad capital.&nbsp;Las llamas tambi\u00e9n alcanzaron la<\/p>\n","protected":false},"author":1,"featured_media":7793,"comment_status":"open","ping_status":"open","sticky":false,"template":"","format":"standard","meta":{"colormag_page_container_layout":"default_layout","colormag_page_sidebar_layout":"default_layout","footnotes":""},"categories":[56,4,8],"tags":[],"class_list":["post-7792","post","type-post","status-publish","format-standard","has-post-thumbnail","hentry","category-policiales","category-provincia","category-ultimas-noticias"],"_links":{"self":[{"href":"https:\/\/notipampa.com\/index.php?rest_route=\/wp\/v2\/posts\/7792","targetHints":{"allow":["GET"]}}],"collection":[{"href":"https:\/\/notipampa.com\/index.php?rest_route=\/wp\/v2\/posts"}],"about":[{"href":"https:\/\/notipampa.com\/index.php?rest_route=\/wp\/v2\/types\/post"}],"author":[{"embeddable":true,"href":"https:\/\/notipampa.com\/index.php?rest_route=\/wp\/v2\/users\/1"}],"replies":[{"embeddable":true,"href":"https:\/\/notipampa.com\/index.php?rest_route=%2Fwp%2Fv2%2Fcomments&post=7792"}],"version-history":[{"count":1,"href":"https:\/\/notipampa.com\/index.php?rest_route=\/wp\/v2\/posts\/7792\/revisions"}],"predecessor-version":[{"id":7794,"href":"https:\/\/notipampa.com\/index.php?rest_route=\/wp\/v2\/posts\/7792\/revisions\/7794"}],"wp:featuredmedia":[{"embeddable":true,"href":"https:\/\/notipampa.com\/index.php?rest_route=\/wp\/v2\/media\/7793"}],"wp:attachment":[{"href":"https:\/\/notipampa.com\/index.php?rest_route=%2Fwp%2Fv2%2Fmedia&parent=7792"}],"wp:term":[{"taxonomy":"category","embeddable":true,"href":"https:\/\/notipampa.com\/index.php?rest_route=%2Fwp%2Fv2%2Fcategories&post=7792"},{"taxonomy":"post_tag","embeddable":true,"href":"https:\/\/notipampa.com\/index.php?rest_route=%2Fwp%2Fv2%2Ftags&post=7792"}],"curies":[{"name":"wp","href":"https:\/\/api.w.org\/{rel}","templated":true}]}}