{"id":7680,"date":"2022-08-30T09:06:12","date_gmt":"2022-08-30T12:06:12","guid":{"rendered":"https:\/\/notipampa.com\/?p=7680"},"modified":"2022-08-30T09:06:13","modified_gmt":"2022-08-30T12:06:13","slug":"juegos-deportivos-para-personas-mayores-un-ejemplo-para-la-sociedad","status":"publish","type":"post","link":"https:\/\/notipampa.com\/?p=7680","title":{"rendered":"Juegos Deportivos para Personas Mayores: \u201cun ejemplo para la sociedad\u201d"},"content":{"rendered":"\n<p><strong>El gobernador Sergio Ziliotto, el ministro de Desarrollo Social, Diego \u00c1lvarez, el subsecretario de Deportes, Recreaci\u00f3n y Turismo Social, Ceferino Almud\u00e9var, y la\u00a0directora de Personas Mayores, Silvia Gonz\u00e1lez, encabezaron esta tarde la apertura oficial de las finales provinciales deportivas para mayores\u00a0de 60 a\u00f1os.<\/strong><\/p>\n\n\n\n<p>Almud\u00e9var destac\u00f3 la permanencia en el tiempo del programa \u201cque arranc\u00f3 en 2005\u201d y que tras las suspensiones obligadas por la pandemia se reanud\u00f3 este a\u00f1o con la presencia en Santa Rosa de 600 representantes de las 10 regiones de la Provincia que sortearon las instancias locales y regionales clasificatorias, que involucraron a m\u00e1s de 2000 pampeanos. \u201cSean bienvenidos a los juegos de la tercera juventud y disfruten de este maravilloso momento que se genera cuando hacemos deportes. La pandemia puso el mundo patas para arriba, pero hoy podemos estar de nuevo ac\u00e1 por el trabajo de mucha gente: de ustedes y de un Estado presente\u201d, destac\u00f3.<br>Remarc\u00f3 que, con la aspiraci\u00f3n de sumar m\u00e1s pampeanos a la pr\u00e1ctica deportiva \u201ca\u00f1o a a\u00f1o fuimos incorporando deportes\u201d al tiempo que asever\u00f3 que \u201cm\u00e1s all\u00e1 de deportivos, \u00e9stos son los juegos de la socializaci\u00f3n, porque que nos permiten conocernos con gente de todos los puntos de la Provincia. Todo eso lo genera el deporte. Estos Juegos est\u00e1n hechos para ustedes y para no irse nunca m\u00e1s del calendario deportivo provincial\u201d.<br>\u201cDisfruten de lo que m\u00e1s les gusta, que es hacer deporte, pero tambi\u00e9n socialicen. Socialicen y hagan deporte siempre, ustedes son un ejemplo para la sociedad\u201d, cerr\u00f3.<\/p>\n\n\n\n<p><strong>El acto<\/strong><br>Adem\u00e1s de la presentaci\u00f3n de las banderas de ceremonia, portadas por Zoraida Parada (Argentina) y Susana S\u00e1nchez (La Pampa), y el desfile de representantes de cada una de las zonas, el acto, desarrollado en el club Estudiantes, cont\u00f3 con la actuaci\u00f3n de la banda Capit\u00e1n Tocagni -interpretaron el Himno Nacional- y&nbsp;el grupo \u201cLos Caldenes\u201d.<br>Hubo espacio para un homenaje al profesor Hugo Magario, hist\u00f3rico profesor de Educaci\u00f3n F\u00edsica y permanente colaborador de la pol\u00edtica deportiva en el sur&nbsp;provincial: fue quien&nbsp; encendi\u00f3 el pebetero ol\u00edmpico que dej\u00f3 formalmente inaugurada la competencia.<\/p>\n\n\n\n<p><strong>Los Juegos<\/strong><br>Las disciplinas comenzaron ayer y se extender\u00e1n hasta el mi\u00e9rcoles. En el caso del ajedrez, newcom, tenis de mesa, tejo, sapo, carrera de orientaci\u00f3n, truco y padel clasificar\u00e1n para los Juegos Nacionales Evita que se har\u00e1n en noviembre. Los dem\u00e1s, que son otros juegos de naipes, tejido, y bochas -que no forman parte de los Evita- servir\u00e1n para determinar los campeones provinciales de cada una de ellas. En el Club Estudiantes se disputar\u00e1n las finales de tenis de mesa, juegos de cartas, tejido, y sapo; en el Club Barrio Fitte se har\u00e1n las de bochas, en el Club Social \u201cEl C\u00edrculo\u201d las de ajedrez, en el predio deportivo de la Ruta 35 las de tejo, en el polideportivo Butal\u00f3 las de newcom, en el complejo \u201cCrazy\u201d la de&nbsp;padel y en el Parque Recreativo &#8220;Don Tom\u00e1s&#8221; la carrera de orientaci\u00f3n.<\/p>\n","protected":false},"excerpt":{"rendered":"<p>El gobernador Sergio Ziliotto, el ministro de Desarrollo Social, Diego \u00c1lvarez, el subsecretario de Deportes, Recreaci\u00f3n y Turismo Social, Ceferino<\/p>\n","protected":false},"author":1,"featured_media":7681,"comment_status":"open","ping_status":"open","sticky":false,"template":"","format":"standard","meta":{"colormag_page_container_layout":"default_layout","colormag_page_sidebar_layout":"default_layout","footnotes":""},"categories":[10,4,8],"tags":[],"class_list":["post-7680","post","type-post","status-publish","format-standard","has-post-thumbnail","hentry","category-sports","category-provincia","category-ultimas-noticias"],"_links":{"self":[{"href":"https:\/\/notipampa.com\/index.php?rest_route=\/wp\/v2\/posts\/7680","targetHints":{"allow":["GET"]}}],"collection":[{"href":"https:\/\/notipampa.com\/index.php?rest_route=\/wp\/v2\/posts"}],"about":[{"href":"https:\/\/notipampa.com\/index.php?rest_route=\/wp\/v2\/types\/post"}],"author":[{"embeddable":true,"href":"https:\/\/notipampa.com\/index.php?rest_route=\/wp\/v2\/users\/1"}],"replies":[{"embeddable":true,"href":"https:\/\/notipampa.com\/index.php?rest_route=%2Fwp%2Fv2%2Fcomments&post=7680"}],"version-history":[{"count":1,"href":"https:\/\/notipampa.com\/index.php?rest_route=\/wp\/v2\/posts\/7680\/revisions"}],"predecessor-version":[{"id":7682,"href":"https:\/\/notipampa.com\/index.php?rest_route=\/wp\/v2\/posts\/7680\/revisions\/7682"}],"wp:featuredmedia":[{"embeddable":true,"href":"https:\/\/notipampa.com\/index.php?rest_route=\/wp\/v2\/media\/7681"}],"wp:attachment":[{"href":"https:\/\/notipampa.com\/index.php?rest_route=%2Fwp%2Fv2%2Fmedia&parent=7680"}],"wp:term":[{"taxonomy":"category","embeddable":true,"href":"https:\/\/notipampa.com\/index.php?rest_route=%2Fwp%2Fv2%2Fcategories&post=7680"},{"taxonomy":"post_tag","embeddable":true,"href":"https:\/\/notipampa.com\/index.php?rest_route=%2Fwp%2Fv2%2Ftags&post=7680"}],"curies":[{"name":"wp","href":"https:\/\/api.w.org\/{rel}","templated":true}]}}