{"id":7669,"date":"2022-08-29T18:58:32","date_gmt":"2022-08-29T21:58:32","guid":{"rendered":"https:\/\/notipampa.com\/?p=7669"},"modified":"2022-08-29T19:01:28","modified_gmt":"2022-08-29T22:01:28","slug":"accidente-fatal-en-cercanias-a-intendente-alvear-dos-personas-murieron-en-choque-frontal","status":"publish","type":"post","link":"https:\/\/notipampa.com\/?p=7669","title":{"rendered":"Accidente fatal en cercan\u00edas de Intendente Alvear: Dos personas murieron en choque frontal"},"content":{"rendered":"\n<p>Este lunes por la tarde, se produjo un grav\u00edsimo choque frontal entre una camioneta SUV y un cami\u00f3n en Ruta 1 a aproximadamente 3-4 kil\u00f3metros antes de llegar al cruce con la Ruta 2, en cercan\u00edas de Intendente Alvear.<\/p>\n\n\n\n<p>El fiscal Guillermo Komarofky confirm\u00f3 que \u201chay dos personas fallecidas\u201d y que el choque \u201cfue frontal\u201d.<\/p>\n\n\n\n<p>El cami\u00f3n iba en direcci\u00f3n de Intendente Alvear hacia General Pico, mientras que la camioneta hac\u00eda el camino inverso.<\/p>\n\n\n\n<p><strong>NOTICIA EN DESARROLLO\u2026<\/strong><\/p>\n","protected":false},"excerpt":{"rendered":"<p>Este lunes por la tarde, se produjo un grav\u00edsimo choque frontal entre una camioneta SUV y un cami\u00f3n en Ruta<\/p>\n","protected":false},"author":1,"featured_media":7670,"comment_status":"open","ping_status":"open","sticky":false,"template":"","format":"standard","meta":{"colormag_page_container_layout":"default_layout","colormag_page_sidebar_layout":"default_layout","footnotes":""},"categories":[6,56,8],"tags":[],"class_list":["post-7669","post","type-post","status-publish","format-standard","has-post-thumbnail","hentry","category-locales","category-policiales","category-ultimas-noticias"],"_links":{"self":[{"href":"https:\/\/notipampa.com\/index.php?rest_route=\/wp\/v2\/posts\/7669","targetHints":{"allow":["GET"]}}],"collection":[{"href":"https:\/\/notipampa.com\/index.php?rest_route=\/wp\/v2\/posts"}],"about":[{"href":"https:\/\/notipampa.com\/index.php?rest_route=\/wp\/v2\/types\/post"}],"author":[{"embeddable":true,"href":"https:\/\/notipampa.com\/index.php?rest_route=\/wp\/v2\/users\/1"}],"replies":[{"embeddable":true,"href":"https:\/\/notipampa.com\/index.php?rest_route=%2Fwp%2Fv2%2Fcomments&post=7669"}],"version-history":[{"count":2,"href":"https:\/\/notipampa.com\/index.php?rest_route=\/wp\/v2\/posts\/7669\/revisions"}],"predecessor-version":[{"id":7672,"href":"https:\/\/notipampa.com\/index.php?rest_route=\/wp\/v2\/posts\/7669\/revisions\/7672"}],"wp:featuredmedia":[{"embeddable":true,"href":"https:\/\/notipampa.com\/index.php?rest_route=\/wp\/v2\/media\/7670"}],"wp:attachment":[{"href":"https:\/\/notipampa.com\/index.php?rest_route=%2Fwp%2Fv2%2Fmedia&parent=7669"}],"wp:term":[{"taxonomy":"category","embeddable":true,"href":"https:\/\/notipampa.com\/index.php?rest_route=%2Fwp%2Fv2%2Fcategories&post=7669"},{"taxonomy":"post_tag","embeddable":true,"href":"https:\/\/notipampa.com\/index.php?rest_route=%2Fwp%2Fv2%2Ftags&post=7669"}],"curies":[{"name":"wp","href":"https:\/\/api.w.org\/{rel}","templated":true}]}}