{"id":7061,"date":"2022-07-08T09:20:18","date_gmt":"2022-07-08T12:20:18","guid":{"rendered":"https:\/\/notipampa.com\/?p=7061"},"modified":"2022-07-08T09:20:19","modified_gmt":"2022-07-08T12:20:19","slug":"finalmente-aerolineas-argentinas-no-va-a-operar-en-general-pico-debido-al-desgranamiento-en-un-tramo-de-la-pista","status":"publish","type":"post","link":"https:\/\/notipampa.com\/?p=7061","title":{"rendered":"Finalmente, Aerol\u00edneas Argentinas no va a operar en General Pico debido al desgranamiento en un tramo de la pista"},"content":{"rendered":"\n<p>Desde el Aeropuerto local, Carlos Rold\u00e1n le confirm\u00f3 ayer por la tarde que Aerol\u00edneas Argentinas no desembarcar\u00e1 en la ciudad de General Pico para realizar vuelos comerciales.<\/p>\n\n\n\n<p>En su momento, la propia Aerol\u00ednea brind\u00f3 como argumento que un tramo de la pista en General Pico no estar\u00eda en condiciones de ser utilizada, ya que sufre de un desgranamiento.<\/p>\n\n\n\n<p>El \u00e1rea afectada ser\u00eda de entre 300 a 400 metros. Debido a este motivo brindado por la l\u00ednea a\u00e9rea de bandera nacional, no habr\u00e1 vuelos en la ciudad, al menos en el corto y mediano plazo.<\/p>\n\n\n\n<p>Por su parte, Rold\u00e1n asegur\u00f3 que en el Aeropuerto se sigue trabajando en tareas de refacci\u00f3n e instalaciones porque \u201caviones particulares seguro van a venir\u201d adelant\u00f3 a futuro.<\/p>\n\n\n\n<p>Infopico<\/p>\n","protected":false},"excerpt":{"rendered":"<p>Desde el Aeropuerto local, Carlos Rold\u00e1n le confirm\u00f3 ayer por la tarde que Aerol\u00edneas Argentinas no desembarcar\u00e1 en la ciudad<\/p>\n","protected":false},"author":1,"featured_media":7062,"comment_status":"open","ping_status":"open","sticky":false,"template":"","format":"standard","meta":{"colormag_page_container_layout":"default_layout","colormag_page_sidebar_layout":"default_layout","footnotes":""},"categories":[4,8],"tags":[],"class_list":["post-7061","post","type-post","status-publish","format-standard","has-post-thumbnail","hentry","category-provincia","category-ultimas-noticias"],"_links":{"self":[{"href":"https:\/\/notipampa.com\/index.php?rest_route=\/wp\/v2\/posts\/7061","targetHints":{"allow":["GET"]}}],"collection":[{"href":"https:\/\/notipampa.com\/index.php?rest_route=\/wp\/v2\/posts"}],"about":[{"href":"https:\/\/notipampa.com\/index.php?rest_route=\/wp\/v2\/types\/post"}],"author":[{"embeddable":true,"href":"https:\/\/notipampa.com\/index.php?rest_route=\/wp\/v2\/users\/1"}],"replies":[{"embeddable":true,"href":"https:\/\/notipampa.com\/index.php?rest_route=%2Fwp%2Fv2%2Fcomments&post=7061"}],"version-history":[{"count":1,"href":"https:\/\/notipampa.com\/index.php?rest_route=\/wp\/v2\/posts\/7061\/revisions"}],"predecessor-version":[{"id":7063,"href":"https:\/\/notipampa.com\/index.php?rest_route=\/wp\/v2\/posts\/7061\/revisions\/7063"}],"wp:featuredmedia":[{"embeddable":true,"href":"https:\/\/notipampa.com\/index.php?rest_route=\/wp\/v2\/media\/7062"}],"wp:attachment":[{"href":"https:\/\/notipampa.com\/index.php?rest_route=%2Fwp%2Fv2%2Fmedia&parent=7061"}],"wp:term":[{"taxonomy":"category","embeddable":true,"href":"https:\/\/notipampa.com\/index.php?rest_route=%2Fwp%2Fv2%2Fcategories&post=7061"},{"taxonomy":"post_tag","embeddable":true,"href":"https:\/\/notipampa.com\/index.php?rest_route=%2Fwp%2Fv2%2Ftags&post=7061"}],"curies":[{"name":"wp","href":"https:\/\/api.w.org\/{rel}","templated":true}]}}