{"id":6500,"date":"2022-05-26T08:35:39","date_gmt":"2022-05-26T11:35:39","guid":{"rendered":"https:\/\/notipampa.com\/?p=6500"},"modified":"2022-05-26T08:35:40","modified_gmt":"2022-05-26T11:35:40","slug":"tragedia-en-la-cooperativa-de-quemu-quemu-dieron-a-conocer-el-nombre-del-joven-que-murio","status":"publish","type":"post","link":"https:\/\/notipampa.com\/?p=6500","title":{"rendered":"Tragedia en la cooperativa de Quem\u00fa Quem\u00fa: dieron a conocer el nombre del joven que muri\u00f3"},"content":{"rendered":"\n<p>El fiscal Guillermo Komarofky se\u00f1al\u00f3 que el joven de 27 a\u00f1os que se cay\u00f3 del techo de un galp\u00f3n y perdi\u00f3 la vida es Franco Javier Rojas. Si bien viv\u00eda en la localidad, es oriundo de la provincia de Mendoza.<\/p>\n\n\n\n<p><strong>El hecho<\/strong><\/p>\n\n\n\n<p>Ocurri\u00f3 minutos despu\u00e9s de las 12.15. La v\u00edctima es un joven que estaba vivienda en esa localidad y que hab\u00eda sido contratado por un tercero que hab\u00eda tomado el trabajo de reparar el techo de una f\u00e1brica de columnas perteneciente a la cooperativa local, Cosypro.<\/p>\n\n\n\n<p>Al parecer estaba realizando trabajos en el techo de la misma y no habr\u00eda visualizado que una de las chapas era de pl\u00e1stico, por lo cual al pisar sobre ella se rompi\u00f3 cayendo de unos 08.60 metros aproximadamente.<\/p>\n\n\n\n<p><\/p>\n\n\n\n<p>Infopico<\/p>\n","protected":false},"excerpt":{"rendered":"<p>El fiscal Guillermo Komarofky se\u00f1al\u00f3 que el joven de 27 a\u00f1os que se cay\u00f3 del techo de un galp\u00f3n y<\/p>\n","protected":false},"author":1,"featured_media":6501,"comment_status":"open","ping_status":"open","sticky":false,"template":"","format":"standard","meta":{"colormag_page_container_layout":"default_layout","colormag_page_sidebar_layout":"default_layout","footnotes":""},"categories":[4,8],"tags":[],"class_list":["post-6500","post","type-post","status-publish","format-standard","has-post-thumbnail","hentry","category-provincia","category-ultimas-noticias"],"_links":{"self":[{"href":"https:\/\/notipampa.com\/index.php?rest_route=\/wp\/v2\/posts\/6500","targetHints":{"allow":["GET"]}}],"collection":[{"href":"https:\/\/notipampa.com\/index.php?rest_route=\/wp\/v2\/posts"}],"about":[{"href":"https:\/\/notipampa.com\/index.php?rest_route=\/wp\/v2\/types\/post"}],"author":[{"embeddable":true,"href":"https:\/\/notipampa.com\/index.php?rest_route=\/wp\/v2\/users\/1"}],"replies":[{"embeddable":true,"href":"https:\/\/notipampa.com\/index.php?rest_route=%2Fwp%2Fv2%2Fcomments&post=6500"}],"version-history":[{"count":1,"href":"https:\/\/notipampa.com\/index.php?rest_route=\/wp\/v2\/posts\/6500\/revisions"}],"predecessor-version":[{"id":6502,"href":"https:\/\/notipampa.com\/index.php?rest_route=\/wp\/v2\/posts\/6500\/revisions\/6502"}],"wp:featuredmedia":[{"embeddable":true,"href":"https:\/\/notipampa.com\/index.php?rest_route=\/wp\/v2\/media\/6501"}],"wp:attachment":[{"href":"https:\/\/notipampa.com\/index.php?rest_route=%2Fwp%2Fv2%2Fmedia&parent=6500"}],"wp:term":[{"taxonomy":"category","embeddable":true,"href":"https:\/\/notipampa.com\/index.php?rest_route=%2Fwp%2Fv2%2Fcategories&post=6500"},{"taxonomy":"post_tag","embeddable":true,"href":"https:\/\/notipampa.com\/index.php?rest_route=%2Fwp%2Fv2%2Ftags&post=6500"}],"curies":[{"name":"wp","href":"https:\/\/api.w.org\/{rel}","templated":true}]}}