{"id":6423,"date":"2022-05-23T13:33:16","date_gmt":"2022-05-23T16:33:16","guid":{"rendered":"https:\/\/notipampa.com\/?p=6423"},"modified":"2022-05-23T13:36:13","modified_gmt":"2022-05-23T16:36:13","slug":"el-tenis-alvearense-con-excelentes-resultados-dentro-y-fuera-del-pais","status":"publish","type":"post","link":"https:\/\/notipampa.com\/?p=6423","title":{"rendered":"El tenis alvearense con excelentes resultados dentro y fuera del pa\u00eds"},"content":{"rendered":"\n<p>En primer lugar, la Escuela de Tenis del Alvear FBC estuvo presente en el Torneo de Federaci\u00f3n Pampeana, llevado a cabo en General Pico.<\/p>\n\n\n\n<p>Pre competencia para algunos de los m\u00e1s peques:<\/p>\n\n\n\n<p>Jazm\u00edn Caldera: Campeona en Sub10 femenino.<\/p>\n\n\n\n<p>Antonio Mensi: Semifinalista en categor\u00eda Sub10 caballeros y tambi\u00e9n particip\u00f3 en una categor\u00eda m\u00e1s, Sub12 Pedro Bosco.<\/p>\n\n\n\n<p>Primer torneo para ellos y grandes resultados<\/p>\n\n\n\n<figure class=\"wp-block-image size-large is-resized\"><img fetchpriority=\"high\" decoding=\"async\" src=\"https:\/\/notipampa.com\/wp-content\/uploads\/2022\/05\/281801386_5650610321624504_2316480385248726022_n-819x1024.jpg\" alt=\"\" class=\"wp-image-6425\" width=\"1035\" height=\"1294\" srcset=\"https:\/\/notipampa.com\/wp-content\/uploads\/2022\/05\/281801386_5650610321624504_2316480385248726022_n-819x1024.jpg 819w, https:\/\/notipampa.com\/wp-content\/uploads\/2022\/05\/281801386_5650610321624504_2316480385248726022_n-240x300.jpg 240w, https:\/\/notipampa.com\/wp-content\/uploads\/2022\/05\/281801386_5650610321624504_2316480385248726022_n-768x960.jpg 768w, https:\/\/notipampa.com\/wp-content\/uploads\/2022\/05\/281801386_5650610321624504_2316480385248726022_n-1229x1536.jpg 1229w, https:\/\/notipampa.com\/wp-content\/uploads\/2022\/05\/281801386_5650610321624504_2316480385248726022_n.jpg 1280w\" sizes=\"(max-width: 1035px) 100vw, 1035px\" \/><\/figure>\n\n\n\n<figure class=\"wp-block-image size-large is-resized\"><img decoding=\"async\" src=\"https:\/\/notipampa.com\/wp-content\/uploads\/2022\/05\/281896158_5650609744957895_6254220029055045491_n-819x1024.jpg\" alt=\"\" class=\"wp-image-6426\" width=\"1034\" height=\"1293\" srcset=\"https:\/\/notipampa.com\/wp-content\/uploads\/2022\/05\/281896158_5650609744957895_6254220029055045491_n-819x1024.jpg 819w, https:\/\/notipampa.com\/wp-content\/uploads\/2022\/05\/281896158_5650609744957895_6254220029055045491_n-240x300.jpg 240w, https:\/\/notipampa.com\/wp-content\/uploads\/2022\/05\/281896158_5650609744957895_6254220029055045491_n-768x960.jpg 768w, https:\/\/notipampa.com\/wp-content\/uploads\/2022\/05\/281896158_5650609744957895_6254220029055045491_n-1229x1536.jpg 1229w, https:\/\/notipampa.com\/wp-content\/uploads\/2022\/05\/281896158_5650609744957895_6254220029055045491_n.jpg 1280w\" sizes=\"(max-width: 1034px) 100vw, 1034px\" \/><\/figure>\n\n\n\n<p><strong>Segundo Goity Zapico subcampe\u00f3n en Bolivia:<\/strong><\/p>\n\n\n\n<p>El alvearense Segundo Goity Zapico, que tambi\u00e9n se inicio en la escuela de tenis del Alvear FBC, y que ya hace unos a\u00f1os se encuentra radicado en Tandil, se consagro subcampe\u00f3n en Bolivia en singles y semifinalista en dobles.<\/p>\n\n\n\n<p>De esta manera se convirti\u00f3 en el mejor Argentino de la categor\u00eda 2005 a nivel mundial, y logro el puesto 288 del ranking mundial ITF.<\/p>\n\n\n\n<figure class=\"wp-block-image size-large is-resized\"><img decoding=\"async\" src=\"https:\/\/notipampa.com\/wp-content\/uploads\/2022\/05\/WhatsApp-Image-2022-05-23-at-1.12.08-PM-1024x952.jpeg\" alt=\"\" class=\"wp-image-6424\" width=\"1036\" height=\"963\" srcset=\"https:\/\/notipampa.com\/wp-content\/uploads\/2022\/05\/WhatsApp-Image-2022-05-23-at-1.12.08-PM-1024x952.jpeg 1024w, https:\/\/notipampa.com\/wp-content\/uploads\/2022\/05\/WhatsApp-Image-2022-05-23-at-1.12.08-PM-300x279.jpeg 300w, https:\/\/notipampa.com\/wp-content\/uploads\/2022\/05\/WhatsApp-Image-2022-05-23-at-1.12.08-PM-768x714.jpeg 768w, https:\/\/notipampa.com\/wp-content\/uploads\/2022\/05\/WhatsApp-Image-2022-05-23-at-1.12.08-PM.jpeg 1170w\" sizes=\"(max-width: 1036px) 100vw, 1036px\" \/><\/figure>\n","protected":false},"excerpt":{"rendered":"<p>En primer lugar, la Escuela de Tenis del Alvear FBC estuvo presente en el Torneo de Federaci\u00f3n Pampeana, llevado a<\/p>\n","protected":false},"author":1,"featured_media":6429,"comment_status":"open","ping_status":"open","sticky":false,"template":"","format":"standard","meta":{"colormag_page_container_layout":"default_layout","colormag_page_sidebar_layout":"default_layout","footnotes":""},"categories":[10,6,8],"tags":[],"class_list":["post-6423","post","type-post","status-publish","format-standard","has-post-thumbnail","hentry","category-sports","category-locales","category-ultimas-noticias"],"_links":{"self":[{"href":"https:\/\/notipampa.com\/index.php?rest_route=\/wp\/v2\/posts\/6423","targetHints":{"allow":["GET"]}}],"collection":[{"href":"https:\/\/notipampa.com\/index.php?rest_route=\/wp\/v2\/posts"}],"about":[{"href":"https:\/\/notipampa.com\/index.php?rest_route=\/wp\/v2\/types\/post"}],"author":[{"embeddable":true,"href":"https:\/\/notipampa.com\/index.php?rest_route=\/wp\/v2\/users\/1"}],"replies":[{"embeddable":true,"href":"https:\/\/notipampa.com\/index.php?rest_route=%2Fwp%2Fv2%2Fcomments&post=6423"}],"version-history":[{"count":1,"href":"https:\/\/notipampa.com\/index.php?rest_route=\/wp\/v2\/posts\/6423\/revisions"}],"predecessor-version":[{"id":6428,"href":"https:\/\/notipampa.com\/index.php?rest_route=\/wp\/v2\/posts\/6423\/revisions\/6428"}],"wp:featuredmedia":[{"embeddable":true,"href":"https:\/\/notipampa.com\/index.php?rest_route=\/wp\/v2\/media\/6429"}],"wp:attachment":[{"href":"https:\/\/notipampa.com\/index.php?rest_route=%2Fwp%2Fv2%2Fmedia&parent=6423"}],"wp:term":[{"taxonomy":"category","embeddable":true,"href":"https:\/\/notipampa.com\/index.php?rest_route=%2Fwp%2Fv2%2Fcategories&post=6423"},{"taxonomy":"post_tag","embeddable":true,"href":"https:\/\/notipampa.com\/index.php?rest_route=%2Fwp%2Fv2%2Ftags&post=6423"}],"curies":[{"name":"wp","href":"https:\/\/api.w.org\/{rel}","templated":true}]}}