{"id":6414,"date":"2022-05-23T08:38:24","date_gmt":"2022-05-23T11:38:24","guid":{"rendered":"https:\/\/notipampa.com\/?p=6414"},"modified":"2022-05-23T08:40:29","modified_gmt":"2022-05-23T11:40:29","slug":"general-pico-una-joven-de-21-y-un-nino-de-2-anos-a-bordo-de-una-moto-murieron-tras-impactar-contra-un-camion","status":"publish","type":"post","link":"https:\/\/notipampa.com\/?p=6414","title":{"rendered":"General Pico: Una joven de 21 y un ni\u00f1o de 2 a\u00f1os a bordo de una moto murieron tras impactar contra un cami\u00f3n"},"content":{"rendered":"\n<p>Este domingo por la tarde, pasadas las 18.30 horas, se produjo un nuevo accidente fatal en General Pico en la intersecci\u00f3n de calles 21 entre 28 y 30, donde lamentablemente muri\u00f3 una joven de 21 a\u00f1os y un ni\u00f1o de 2.<\/p>\n\n\n\n<p>Adem\u00e1s, un hombre de 31 a\u00f1os fue hospitalizado junto a otro menor de 8 a\u00f1os. La motocicleta, en la que iban cuatro personas a bordo, se conduc\u00eda por calle 21 cuando se les cruz\u00f3 un perro, lo esquivaron y terminaron impactando fuertemente contra un cami\u00f3n.<\/p>\n\n\n\n<p>En el lugar hubo un fuerte operativo policial, que incluy\u00f3 a personal del Servicio de Emergencias M\u00e9dicas y una dotaci\u00f3n de Bomberos Voluntarios. Posteriormente, acudi\u00f3 el fiscal de la causa, Guillermo Komarofky.<\/p>\n\n\n\n<p><strong>La palabra del fiscal Guillermo Komarofky<\/strong><\/p>\n\n\n\n<p>En di\u00e1logo con los medios all\u00ed presentes, el fiscal Guillermo Komarofky confirm\u00f3 que fueron dos las personas fallecidas. \u201cUna joven de 21 a\u00f1os y un menor de 2 a\u00f1os\u201d mientras que fueron trasladados hacia el Hospital \u201cun hombre de 31 a\u00f1os y otro menor de 8 a\u00f1os\u201d.<\/p>\n\n\n\n<p>En esa l\u00ednea, el fiscal explic\u00f3 que el accidente se produjo porque un perro se le cruz\u00f3 en el camino a la moto y, al esquivarlo, termin\u00f3 impactando fuertemente contra el cami\u00f3n, que estaba estacionado y lentamente se hab\u00eda puesto en marcha para salir del lugar.<\/p>\n\n\n\n<p>Por el momento, Komarofky anunci\u00f3 que conoce las identidades de las v\u00edctimas, pero no ser\u00e1n reveladas p\u00fablicamente hasta no comunicarse pertinentemente con la familia.<\/p>\n\n\n\n<p>El fiscal Guillermo Komarofky confirm\u00f3 la identidad de la joven fallecida: \u201c<strong>Se trata de Priscila Bel\u00e9n Torres de 21 a\u00f1os<\/strong>\u201c; del mismo modo, agreg\u00f3 que el hombre que la acompa\u00f1aba y fue hospitalizado es \u201c<strong>Gonzalo N\u00e9stor Fabi\u00e1n R\u00edos de 30 a\u00f1os<\/strong>\u201d quien se encuentra \u201c<strong>fuera de peligro<\/strong>\u201c.<\/p>\n\n\n\n<p>Es preciso recalcar que no se inform\u00f3 las identidades de los menores de edad involucrados en el siniestro.<\/p>\n\n\n\n<figure class=\"wp-block-image\"><img decoding=\"async\" src=\"https:\/\/www.infopico.com\/wp-content\/uploads\/2022\/05\/PIC_4669-scaled.jpeg\" alt=\"\" class=\"wp-image-181628\"\/><\/figure>\n\n\n\n<p>Infopico<\/p>\n","protected":false},"excerpt":{"rendered":"<p>Este domingo por la tarde, pasadas las 18.30 horas, se produjo un nuevo accidente fatal en General Pico en la<\/p>\n","protected":false},"author":1,"featured_media":6415,"comment_status":"open","ping_status":"open","sticky":false,"template":"","format":"standard","meta":{"colormag_page_container_layout":"default_layout","colormag_page_sidebar_layout":"default_layout","footnotes":""},"categories":[56,4,8],"tags":[],"class_list":["post-6414","post","type-post","status-publish","format-standard","has-post-thumbnail","hentry","category-policiales","category-provincia","category-ultimas-noticias"],"_links":{"self":[{"href":"https:\/\/notipampa.com\/index.php?rest_route=\/wp\/v2\/posts\/6414","targetHints":{"allow":["GET"]}}],"collection":[{"href":"https:\/\/notipampa.com\/index.php?rest_route=\/wp\/v2\/posts"}],"about":[{"href":"https:\/\/notipampa.com\/index.php?rest_route=\/wp\/v2\/types\/post"}],"author":[{"embeddable":true,"href":"https:\/\/notipampa.com\/index.php?rest_route=\/wp\/v2\/users\/1"}],"replies":[{"embeddable":true,"href":"https:\/\/notipampa.com\/index.php?rest_route=%2Fwp%2Fv2%2Fcomments&post=6414"}],"version-history":[{"count":2,"href":"https:\/\/notipampa.com\/index.php?rest_route=\/wp\/v2\/posts\/6414\/revisions"}],"predecessor-version":[{"id":6417,"href":"https:\/\/notipampa.com\/index.php?rest_route=\/wp\/v2\/posts\/6414\/revisions\/6417"}],"wp:featuredmedia":[{"embeddable":true,"href":"https:\/\/notipampa.com\/index.php?rest_route=\/wp\/v2\/media\/6415"}],"wp:attachment":[{"href":"https:\/\/notipampa.com\/index.php?rest_route=%2Fwp%2Fv2%2Fmedia&parent=6414"}],"wp:term":[{"taxonomy":"category","embeddable":true,"href":"https:\/\/notipampa.com\/index.php?rest_route=%2Fwp%2Fv2%2Fcategories&post=6414"},{"taxonomy":"post_tag","embeddable":true,"href":"https:\/\/notipampa.com\/index.php?rest_route=%2Fwp%2Fv2%2Ftags&post=6414"}],"curies":[{"name":"wp","href":"https:\/\/api.w.org\/{rel}","templated":true}]}}