{"id":6180,"date":"2022-05-03T14:13:56","date_gmt":"2022-05-03T17:13:56","guid":{"rendered":"https:\/\/notipampa.com\/?p=6180"},"modified":"2022-05-03T14:13:58","modified_gmt":"2022-05-03T17:13:58","slug":"agustina-garcia-participo-en-el-comite-federal-de-la-jr-nacional-donde-estuvo-presente-gerardo-morales-y-martin-lousteau","status":"publish","type":"post","link":"https:\/\/notipampa.com\/?p=6180","title":{"rendered":"Agustina Garc\u00eda particip\u00f3 en el Comit\u00e9 Federal de la JR Nacional donde estuvo presente Gerardo Morales y Martin Lousteau"},"content":{"rendered":"\n<p>El pasado s\u00e1bado 30 se desarroll\u00f3 en La Plata el 1er Comit\u00e9 Federal del a\u00f1o, donde las y los presidentes de la JR de 24 provincias se hicieron presente para debatir sobre el rol de las juventudes en la sociedad y en su partido.<\/p>\n\n\n\n<p>El encuentro inici\u00f3 con las palabras de los Diputados Nacionales Danya Tavela y Facundo Manes. Tambi\u00e9n se anunci\u00f3 el lanzamiento del espacio \u201cLegislando Joven\u201d, un espacio de debate y coordinaci\u00f3n entre todos los j\u00f3venes radicales que tienen representaci\u00f3n en los \u00f3rganos legislativos municipales, provinciales y nacionales. El mismo estar\u00e1 bajo la coordinaci\u00f3n de los Diputados Provinciales Agustina Garc\u00eda (La Pampa), Lucia Varisco (Entre R\u00edos), Adriano Morone (Jujuy) y Tiago Puente (Catamarca).<\/p>\n\n\n\n<p>Por horas de la tarde se desarroll\u00f3 el debate entre los presidentes de las distintas Juventudes Radicales, donde cada uno tuvo la posibilidad de exponer la situaci\u00f3n de su provincia y se refirieron a las problem\u00e1ticas ambientales. Tambi\u00e9n se rechaz\u00f3 la incorporaci\u00f3n de Milei a Juntos por el Cambio y la de cualquier dirigente que atente contra la institucionalidad de la Rep\u00fablica y los principios democr\u00e1ticos.<\/p>\n\n\n\n<p>Para cerrar el encuentro, estuvieron presentes Gerardo Morales, Gobernador de la Provincia de Jujuy y presidente de la UCR; y Martin Lousteau, Senador Nacional y vicepresidente de la UCR; quien anunci\u00f3 su candidatura a Jefe de Gobierno de la Ciudad de Buenos Aires.<\/p>\n\n\n\n<figure class=\"wp-block-image size-large is-resized\"><img fetchpriority=\"high\" decoding=\"async\" src=\"https:\/\/notipampa.com\/wp-content\/uploads\/2022\/05\/279373802_365381418968908_2155758218386614679_n-1024x768.jpg\" alt=\"\" class=\"wp-image-6182\" width=\"1034\" height=\"776\" srcset=\"https:\/\/notipampa.com\/wp-content\/uploads\/2022\/05\/279373802_365381418968908_2155758218386614679_n-1024x768.jpg 1024w, https:\/\/notipampa.com\/wp-content\/uploads\/2022\/05\/279373802_365381418968908_2155758218386614679_n-300x225.jpg 300w, https:\/\/notipampa.com\/wp-content\/uploads\/2022\/05\/279373802_365381418968908_2155758218386614679_n-768x576.jpg 768w, https:\/\/notipampa.com\/wp-content\/uploads\/2022\/05\/279373802_365381418968908_2155758218386614679_n.jpg 1080w\" sizes=\"(max-width: 1034px) 100vw, 1034px\" \/><\/figure>\n\n\n\n<p>\u201cEste 2022 es un a\u00f1o clave para la UCR pampeana, sin dudas creo que el contexto nacional y provincial nos pone en el enorme desaf\u00edo de prepararnos para gobernar en 2023. Prepararse para gobernar significa elaborar una agenda e idear pol\u00edticas p\u00fablicas concretas en materia educativa, productiva, social, de g\u00e9nero, ni\u00f1ez y salud, entre tantas otras\u201d se refiri\u00f3 Agustina Garc\u00eda.<\/p>\n\n\n\n<p>Tambi\u00e9n mencion\u00f3 que \u201cla posibilidad de ser Gobierno en La Pampa nos debe encontrar m\u00e1s juntos que nunca, con un radicalismo fortalecido que sea capaz de liderar dentro de Juntos por el Cambio. Dejar personalismos de lado, para construir desde lo colectivo. Trabajar para tener un partido renovado, en el que las mujeres y j\u00f3venes sean protagonistas y ocupen los lugares que merecen. Debemos sumar dentro de JxC, porque una oposici\u00f3n fortalecida y unida es lo que nos demanda la sociedad pampeana.\u201d<\/p>\n\n\n\n<figure class=\"wp-block-image size-large is-resized\"><img decoding=\"async\" src=\"https:\/\/notipampa.com\/wp-content\/uploads\/2022\/05\/279450477_365381318968918_7011621523394738790_n-1024x768.jpg\" alt=\"\" class=\"wp-image-6183\" width=\"1035\" height=\"776\" srcset=\"https:\/\/notipampa.com\/wp-content\/uploads\/2022\/05\/279450477_365381318968918_7011621523394738790_n-1024x768.jpg 1024w, https:\/\/notipampa.com\/wp-content\/uploads\/2022\/05\/279450477_365381318968918_7011621523394738790_n-300x225.jpg 300w, https:\/\/notipampa.com\/wp-content\/uploads\/2022\/05\/279450477_365381318968918_7011621523394738790_n-768x576.jpg 768w, https:\/\/notipampa.com\/wp-content\/uploads\/2022\/05\/279450477_365381318968918_7011621523394738790_n.jpg 1080w\" sizes=\"(max-width: 1035px) 100vw, 1035px\" \/><\/figure>\n","protected":false},"excerpt":{"rendered":"<p>El pasado s\u00e1bado 30 se desarroll\u00f3 en La Plata el 1er Comit\u00e9 Federal del a\u00f1o, donde las y los presidentes<\/p>\n","protected":false},"author":1,"featured_media":6181,"comment_status":"open","ping_status":"open","sticky":false,"template":"","format":"standard","meta":{"colormag_page_container_layout":"default_layout","colormag_page_sidebar_layout":"default_layout","footnotes":""},"categories":[5,7,8],"tags":[],"class_list":["post-6180","post","type-post","status-publish","format-standard","has-post-thumbnail","hentry","category-nacionales","category-politica","category-ultimas-noticias"],"_links":{"self":[{"href":"https:\/\/notipampa.com\/index.php?rest_route=\/wp\/v2\/posts\/6180","targetHints":{"allow":["GET"]}}],"collection":[{"href":"https:\/\/notipampa.com\/index.php?rest_route=\/wp\/v2\/posts"}],"about":[{"href":"https:\/\/notipampa.com\/index.php?rest_route=\/wp\/v2\/types\/post"}],"author":[{"embeddable":true,"href":"https:\/\/notipampa.com\/index.php?rest_route=\/wp\/v2\/users\/1"}],"replies":[{"embeddable":true,"href":"https:\/\/notipampa.com\/index.php?rest_route=%2Fwp%2Fv2%2Fcomments&post=6180"}],"version-history":[{"count":1,"href":"https:\/\/notipampa.com\/index.php?rest_route=\/wp\/v2\/posts\/6180\/revisions"}],"predecessor-version":[{"id":6184,"href":"https:\/\/notipampa.com\/index.php?rest_route=\/wp\/v2\/posts\/6180\/revisions\/6184"}],"wp:featuredmedia":[{"embeddable":true,"href":"https:\/\/notipampa.com\/index.php?rest_route=\/wp\/v2\/media\/6181"}],"wp:attachment":[{"href":"https:\/\/notipampa.com\/index.php?rest_route=%2Fwp%2Fv2%2Fmedia&parent=6180"}],"wp:term":[{"taxonomy":"category","embeddable":true,"href":"https:\/\/notipampa.com\/index.php?rest_route=%2Fwp%2Fv2%2Fcategories&post=6180"},{"taxonomy":"post_tag","embeddable":true,"href":"https:\/\/notipampa.com\/index.php?rest_route=%2Fwp%2Fv2%2Ftags&post=6180"}],"curies":[{"name":"wp","href":"https:\/\/api.w.org\/{rel}","templated":true}]}}