{"id":6061,"date":"2022-04-25T08:42:52","date_gmt":"2022-04-25T11:42:52","guid":{"rendered":"https:\/\/notipampa.com\/?p=6061"},"modified":"2022-04-25T08:42:53","modified_gmt":"2022-04-25T11:42:53","slug":"los-palmeras-cerraron-los-festejos-por-los-130-anos-de-santa-rosa","status":"publish","type":"post","link":"https:\/\/notipampa.com\/?p=6061","title":{"rendered":"Los Palmeras cerraron los festejos por los 130 a\u00f1os de Santa Rosa"},"content":{"rendered":"\n<p>Con la presentaci\u00f3n de Los Palmeras, la banda hist\u00f3rica de la cumbia santafesina, culminaron este s\u00e1bado las actividades por el aniversario 130 de la fundaci\u00f3n de Santa Rosa.&nbsp;<strong>Una multitud en la Laguna<\/strong>.<\/p>\n\n\n\n<p>Una multitud goz\u00f3 y bail\u00f3 en la noche del Parque Recreativo Don Tom\u00e1s con la m\u00fasica de los santafesinos, y antes tambi\u00e9n con &#8220;El Loco&#8221; Amato. Al cierre concurrieron m\u00e1s de 25 mil personas.<\/p>\n\n\n\n<figure class=\"wp-block-image is-resized\"><img fetchpriority=\"high\" decoding=\"async\" src=\"https:\/\/www.eldiariodelapampa.com.ar\/images\/2022\/abril_2022\/23-04-2022\/palmeras2.jpg\" alt=\"palmeras2\" width=\"1035\" height=\"690\"\/><\/figure>\n\n\n\n<p>Previamente, hab\u00edan pasado por el escenario montado de espaldas al espejo de agua La Ronda, El Tanito y Laura G\u00f3mez Weizz. El viernes se hab\u00edan presentado Crepit\u00e1, Cami Hecker, Los Caldenes, Catalinatom y Nahuel Pennisi.<\/p>\n\n\n\n<p><strong>Tres d\u00edas<\/strong><\/p>\n\n\n\n<p>Las distintas actividades se extendieron durante tres d\u00edas. Arrancaron el jueves con La Noche de los Museos y siguieron el viernes por la ma\u00f1ana con el acto oficial en el Teatro Espa\u00f1ol, encabezado por el intendente Luciano di N\u00e1poli y el gobernador Sergio Ziliotto.<\/p>\n\n\n\n<p>El viernes por la tarde arranc\u00f3 el programa en el predio de la Laguna. Primero con la Fiesta de las Colectividades y luego con los n\u00fameros musicales.<\/p>\n\n\n\n<p>En el medio, se desarroll\u00f3 una corre-caminata que se extendi\u00f3 desde el edificio municipal hasta el Parque Don Tom\u00e1s.<\/p>\n\n\n\n<p><strong>Abrazo simb\u00f3lico<\/strong><\/p>\n\n\n\n<p>Ayer, adem\u00e1s, se llev\u00f3 a cabo el &#8220;abrazo simb\u00f3lico&#8221; a la Laguna Don Tom\u00e1s. Desde el municipio se hab\u00eda convocado a las instituciones y a la ciudadan\u00eda a congregarse desde las 14 horas en el monumento al presidente Alfons\u00edn<\/p>\n\n\n\n<p>El objetivo era que pudieran juntarse los presentes, tomados de la mano, alrededor del espejo de agua. Se necesitaban poco m\u00e1s de 5.000 personas, pero el n\u00famero estuvo lejos de alcanzarse. Si bien hubo tramos en que se junt\u00f3 mucha gente, hubo otros espacios sin p\u00fablico.<\/p>\n\n\n\n<p>&#8220;Esta iniciativa parti\u00f3 desde la C\u00e1mara de Comercio, nos pareci\u00f3 muy linda e interesante esta idea de pensar que a Santa Rosa la tenemos que construir de manera colectiva, y este abrazo simboliza eso, representa esta idea&#8221;, hab\u00eda dicho durante los anuncios el intendente Luciano di N\u00e1poli.<\/p>\n\n\n\n<p><strong>Pol\u00e9mica<\/strong><\/p>\n\n\n\n<p>Los festejos de los 130 a\u00f1os de la capital pampeana no estuvieron exentos de pol\u00e9mica, que se desat\u00f3 -fundamentalmente- cuando El Diario dio a conocer el cachet de Los Palmeras, de 10 millones de pesos, m\u00e1s otra suma similar para poder hacer el resto de las actividades.<\/p>\n\n\n\n<p>Fue el propio jefe comunal, Luciano di N\u00e1poli, qui\u00e9n sali\u00f3 a defender su gesti\u00f3n. &#8220;Donde algunos ven un gasto, nosotros vemos una inversi\u00f3n&#8221;, asegur\u00f3, al tiempo que chicane\u00f3 a sectores opositores de Cambiemos que se quejaron p\u00fablicamente: &#8220;a algunos las fiestas populares les genera urticaria, a nosotros los peronistas, en general, nos gusta festejar y poder abrazarnos&#8221;.<\/p>\n\n\n\n<p>Se quej\u00f3 de algunas cr\u00edticas que mencionan el crecimiento de la pobreza en la ciudad y el gasto en los festejos por el aniversario. &#8220;Con estas cuestiones creo que se busca menguar el festejo del aniversario. Y esto cabr\u00eda (las cr\u00edticas), si uno deja de hacer el resto de las cosas que tiene que hacer; y ha pasado exactamente al rev\u00e9s. Hoy Santa Rosa tiene m\u00e1s inversi\u00f3n social, hemos duplicado la inversi\u00f3n en materia social, y ni hablar en obras p\u00fablicas&#8221;, afirm\u00f3.<\/p>\n\n\n\n<p>Argument\u00f3 que los festejos beneficiar\u00e1n al sector comercial de la ciudad. &#8220;Donde algunos ven un gasto, un perjuicio, nosotros vemos una inversi\u00f3n. Primero, una inversi\u00f3n social, que es brindarle a nuestra ciudad un espect\u00e1culo de calidad nacional; y segundo, un hecho que tiene que ver con la actividad econ\u00f3mica que genera. Yo le preguntar\u00eda a los que critican que vayan y hablen con los hoteleros, gastron\u00f3micos, con comerciantes que la pasaron dura, tuvimos hoteles cerrados dos a\u00f1os&#8221;, dijo.<\/p>\n\n\n\n<p><a href=\"whatsapp:\/\/send?text=https:\/\/www.eldiariodelapampa.com.ar\/%2Fla-pampa%2F31150-los-palmeras-ante-una-multitud-cierran-los-festejos-por-los-130-anos-de-santa-rosa\"><\/a><\/p>\n","protected":false},"excerpt":{"rendered":"<p>Con la presentaci\u00f3n de Los Palmeras, la banda hist\u00f3rica de la cumbia santafesina, culminaron este s\u00e1bado las actividades por el<\/p>\n","protected":false},"author":1,"featured_media":6062,"comment_status":"open","ping_status":"open","sticky":false,"template":"","format":"standard","meta":{"colormag_page_container_layout":"default_layout","colormag_page_sidebar_layout":"default_layout","footnotes":""},"categories":[4,8],"tags":[],"class_list":["post-6061","post","type-post","status-publish","format-standard","has-post-thumbnail","hentry","category-provincia","category-ultimas-noticias"],"_links":{"self":[{"href":"https:\/\/notipampa.com\/index.php?rest_route=\/wp\/v2\/posts\/6061","targetHints":{"allow":["GET"]}}],"collection":[{"href":"https:\/\/notipampa.com\/index.php?rest_route=\/wp\/v2\/posts"}],"about":[{"href":"https:\/\/notipampa.com\/index.php?rest_route=\/wp\/v2\/types\/post"}],"author":[{"embeddable":true,"href":"https:\/\/notipampa.com\/index.php?rest_route=\/wp\/v2\/users\/1"}],"replies":[{"embeddable":true,"href":"https:\/\/notipampa.com\/index.php?rest_route=%2Fwp%2Fv2%2Fcomments&post=6061"}],"version-history":[{"count":1,"href":"https:\/\/notipampa.com\/index.php?rest_route=\/wp\/v2\/posts\/6061\/revisions"}],"predecessor-version":[{"id":6063,"href":"https:\/\/notipampa.com\/index.php?rest_route=\/wp\/v2\/posts\/6061\/revisions\/6063"}],"wp:featuredmedia":[{"embeddable":true,"href":"https:\/\/notipampa.com\/index.php?rest_route=\/wp\/v2\/media\/6062"}],"wp:attachment":[{"href":"https:\/\/notipampa.com\/index.php?rest_route=%2Fwp%2Fv2%2Fmedia&parent=6061"}],"wp:term":[{"taxonomy":"category","embeddable":true,"href":"https:\/\/notipampa.com\/index.php?rest_route=%2Fwp%2Fv2%2Fcategories&post=6061"},{"taxonomy":"post_tag","embeddable":true,"href":"https:\/\/notipampa.com\/index.php?rest_route=%2Fwp%2Fv2%2Ftags&post=6061"}],"curies":[{"name":"wp","href":"https:\/\/api.w.org\/{rel}","templated":true}]}}