{"id":5883,"date":"2022-04-11T09:15:27","date_gmt":"2022-04-11T12:15:27","guid":{"rendered":"https:\/\/notipampa.com\/?p=5883"},"modified":"2022-04-11T09:15:28","modified_gmt":"2022-04-11T12:15:28","slug":"torneo-provincial-racing-le-gano-la-final-de-ida-a-deportivo-mac-allister-en-castex","status":"publish","type":"post","link":"https:\/\/notipampa.com\/?p=5883","title":{"rendered":"Torneo Provincial: Racing le gan\u00f3 la final de ida a Deportivo Mac Allister en Castex"},"content":{"rendered":"\n<p>Este domingo por la tarde, Racing de Castex le gan\u00f3 por la m\u00ednima a Deportivo Mac Allister en \u201cLa Fortaleza Alba\u201d por la primera final del Torneo Provincial de f\u00fatbol \u00abJos\u00e9 Edgardo \u2018Topo\u2019 Gonz\u00e1lez\u00bb.<\/p>\n\n\n\n<p>En este caso, cerca del final de la primera etapa, Racing abri\u00f3 por \u00fanica vez el marcador por intermedio de Eric Rodas.<\/p>\n\n\n\n<p>Por parte de la visita, que intent\u00f3 pero nunca pudo, Ignacio Zu\u00f1iga se fue expulsado en Mac Allister a los 29\u2032 ST, dejando a la visita con un hombre menos. De esta manera, el jugador visitante se perder\u00e1 la revancha en Santa Rosa.<\/p>\n\n\n\n<p>El pr\u00f3ximo domingo ser\u00e1 la revancha y donde se defina todo cuando ambos equipos se vuelvan a enfrentar en Santa Rosa y definan quien ser\u00e1 el pr\u00f3ximo campe\u00f3n del Provincial de f\u00fatbol.<\/p>\n","protected":false},"excerpt":{"rendered":"<p>Este domingo por la tarde, Racing de Castex le gan\u00f3 por la m\u00ednima a Deportivo Mac Allister en \u201cLa Fortaleza<\/p>\n","protected":false},"author":1,"featured_media":5884,"comment_status":"open","ping_status":"open","sticky":false,"template":"","format":"standard","meta":{"colormag_page_container_layout":"default_layout","colormag_page_sidebar_layout":"default_layout","footnotes":""},"categories":[10,4,8],"tags":[],"class_list":["post-5883","post","type-post","status-publish","format-standard","has-post-thumbnail","hentry","category-sports","category-provincia","category-ultimas-noticias"],"_links":{"self":[{"href":"https:\/\/notipampa.com\/index.php?rest_route=\/wp\/v2\/posts\/5883","targetHints":{"allow":["GET"]}}],"collection":[{"href":"https:\/\/notipampa.com\/index.php?rest_route=\/wp\/v2\/posts"}],"about":[{"href":"https:\/\/notipampa.com\/index.php?rest_route=\/wp\/v2\/types\/post"}],"author":[{"embeddable":true,"href":"https:\/\/notipampa.com\/index.php?rest_route=\/wp\/v2\/users\/1"}],"replies":[{"embeddable":true,"href":"https:\/\/notipampa.com\/index.php?rest_route=%2Fwp%2Fv2%2Fcomments&post=5883"}],"version-history":[{"count":1,"href":"https:\/\/notipampa.com\/index.php?rest_route=\/wp\/v2\/posts\/5883\/revisions"}],"predecessor-version":[{"id":5885,"href":"https:\/\/notipampa.com\/index.php?rest_route=\/wp\/v2\/posts\/5883\/revisions\/5885"}],"wp:featuredmedia":[{"embeddable":true,"href":"https:\/\/notipampa.com\/index.php?rest_route=\/wp\/v2\/media\/5884"}],"wp:attachment":[{"href":"https:\/\/notipampa.com\/index.php?rest_route=%2Fwp%2Fv2%2Fmedia&parent=5883"}],"wp:term":[{"taxonomy":"category","embeddable":true,"href":"https:\/\/notipampa.com\/index.php?rest_route=%2Fwp%2Fv2%2Fcategories&post=5883"},{"taxonomy":"post_tag","embeddable":true,"href":"https:\/\/notipampa.com\/index.php?rest_route=%2Fwp%2Fv2%2Ftags&post=5883"}],"curies":[{"name":"wp","href":"https:\/\/api.w.org\/{rel}","templated":true}]}}