{"id":5843,"date":"2022-04-07T13:10:19","date_gmt":"2022-04-07T16:10:19","guid":{"rendered":"https:\/\/notipampa.com\/?p=5843"},"modified":"2022-04-07T13:10:20","modified_gmt":"2022-04-07T16:10:20","slug":"otro-grave-caso-de-violencia-de-genero-en-santa-rosa-se-tiro-del-balcon-para-escapar-de-su-agresor","status":"publish","type":"post","link":"https:\/\/notipampa.com\/?p=5843","title":{"rendered":"Otro grave caso de violencia de g\u00e9nero en Santa Rosa: se tir\u00f3 del balc\u00f3n para escapar de su agresor"},"content":{"rendered":"\n<p>El hecho ocurri\u00f3 ayer por la tarde en un departamento del barrio Butal\u00f3, pero reci\u00e9n trascendi\u00f3 este jueves.&nbsp;<strong>La mujer sufri\u00f3 varias lesiones graves y salv\u00f3 su vida de milagro<\/strong>. El agresor, que est\u00e1 detenido,&nbsp;<strong>fue integrante de la Polic\u00eda provincial<\/strong>.<\/p>\n\n\n\n<p><strong>Otro grav\u00edsimo caso de violencia de g\u00e9nero ocurri\u00f3 en la capital pampeana<\/strong>. En esta ocasi\u00f3n todo sucedi\u00f3 en un departamento del barrio Butal\u00f3, donde una mujer -para escapar de los golpes y las amenazas de muerte de su marido-&nbsp;<strong>se tir\u00f3 desde el segundo piso de un balc\u00f3n<\/strong>&nbsp;y sufri\u00f3 lesiones graves.<\/p>\n\n\n\n<p>De acuerdo a lo que se pudo saber, todo ocurri\u00f3 en el departamento 70 alrededor de las 17:30 horas de ayer. La v\u00edctima tuvo que ser trasladada por una ambulancia del SEM al Hospital Evita, donde fue asistida de urgencia.<\/p>\n\n\n\n<p>El acusado fue identificado por fuentes policiales como&nbsp;<strong>Mat\u00edas Jes\u00fas Corral, oriundo de General Acha, qui\u00e9n -adem\u00e1s- ya tiene una causa judicial por un antecedente similar<\/strong>. Actualmente&nbsp;<strong>se desempe\u00f1a como enfermero, aunque en el pasado fue polic\u00eda provincial<\/strong>.<\/p>\n\n\n\n<figure class=\"wp-block-image\"><img decoding=\"async\" src=\"https:\/\/www.eldiariodelapampa.com.ar\/images\/2022\/abril_2022\/07-04-2022\/butalo-2.jpg\" alt=\"butalo 2\"\/><\/figure>\n\n\n\n<p>De acuerdo al relato de la denunciante, Corral la agredi\u00f3 con&nbsp;<strong>&#8220;golpes de pu\u00f1os en el rostro y abdomen&#8221;<\/strong>.&nbsp;Y le habr\u00eda manifestado:&nbsp;<strong>&#8220;No te puedo dejar as\u00ed, no te puede ver tu familia as\u00ed, te voy a tener que matar ahora&#8221;.<\/strong><\/p>\n\n\n\n<p>Acto seguido, la mujer decidi\u00f3 saltar por la ventana al vac\u00edo desde el segundo piso.<\/p>\n\n\n\n<p>Despu\u00e9s de la intervenci\u00f3n del personal de la Seccional Sexta -ubicada en ese mismo barrio- Corral fue detenido en horas de la noche, dado que se hab\u00eda dado a la fuga. Luego,&nbsp;<strong>el caso qued\u00f3 en manos en la Unidad Funcional de G\u00e9nero<\/strong>.<\/p>\n\n\n\n<figure class=\"wp-block-image\"><img decoding=\"async\" src=\"https:\/\/www.eldiariodelapampa.com.ar\/images\/2022\/abril_2022\/07-04-2022\/butalo-3.jpg\" alt=\"butalo 3\"\/><\/figure>\n\n\n\n<p><strong>El antecedente<\/strong><\/p>\n\n\n\n<p>Corral tiene antecedentes. En noviembre de 2016 fue condenado a tres a\u00f1os de prisi\u00f3n en suspenso (no fue a la c\u00e1rcel) por los delitos de lesiones leves calificadas por el v\u00ednculo y por amenazas agravadas con armas.<\/p>\n\n\n\n<p>El d\u00eda&nbsp;<strong>24 de agosto de 2016, a las 18:00 horas, Mat\u00edas Jes\u00fas Corral<\/strong>&nbsp;se encontraba en la habitaci\u00f3n de la vivienda, en la calle Paran\u00e1 de la ciudad de Santa Rosa y tom\u00f3 del cuello a su ex pareja, comenzando a arrancarle el cabello, mientras le manifestaba:&nbsp;<strong>\u201cvas a estar conmigo, esto no se va terminar, porque nos amamos\u201d<\/strong>.<\/p>\n\n\n\n<p>El imputado le propin\u00f3 golpes de pu\u00f1o sobre la cara y un golpe en el est\u00f3mago de la mujer. Asimismo, en una oportunidad,&nbsp;<strong>Corral cargo el arma reglamentaria<\/strong>&nbsp;y mientras rozaba el rostro de la v\u00edctima, le dijo&nbsp;<strong>\u201c&#8230; te voy a matar, yo voy a ir preso, pero vos vas a estar muerta\u201d<\/strong>.<\/p>\n\n\n\n<p>El juez Daniel Ralli lo conden\u00f3 a la pena de tres a\u00f1os de prisi\u00f3n de ejecuci\u00f3n condicional, con costas como autor material y penalmente responsable del delito de lesiones leves calificadas por el v\u00ednculo y calificadas por la relaci\u00f3n de preeminencia que tendr\u00eda el autor sobre la v\u00edctima en dos hechos independientes entre s\u00ed. Por amenazas simples y amenazas agravadas con armas, todos hechos independientes que concursan realmente entre s\u00ed y le impuso reglas de conducta por el t\u00e9rmino de (3) tres a\u00f1os.<\/p>\n\n\n\n<p><strong>Dos femicidios<\/strong><\/p>\n\n\n\n<p>La capital pampeana todav\u00eda est\u00e1 conmocionada socialmente por la seguidilla de dos femicidios en tres d\u00edas ocurridos el mes pasado.<\/p>\n\n\n\n<p>El debate tambi\u00e9n incluy\u00f3 el uso de armas por parte de los uniformados fuera de servicio, dado que uno de los femicidas era polic\u00eda federal y el otro un integrante del Ej\u00e9rcito.<\/p>\n\n\n\n<p>Las v\u00edctimas de los brutales femicidios fueron&nbsp;<strong>Susana Mu\u00f1oz (51) y Marianela Vega Merino (30)<\/strong>. Sus atacantes fueron Gustavo Antonio &#8220;Toni&#8221; Boland y El\u00edas Funes. Ambos, posteriormente, se suicidaron.<\/p>\n\n\n\n<p>El Diario<a href=\"whatsapp:\/\/send?text=https:\/\/www.eldiariodelapampa.com.ar\/%2Fla-pampa%2F30373-otro-grave-caso-de-violencia-de-genero-en-santa-rosa-se-tiro-del-balcon-para-escapar-de-su-agresor\"><\/a><\/p>\n","protected":false},"excerpt":{"rendered":"<p>El hecho ocurri\u00f3 ayer por la tarde en un departamento del barrio Butal\u00f3, pero reci\u00e9n trascendi\u00f3 este jueves.&nbsp;La mujer sufri\u00f3<\/p>\n","protected":false},"author":1,"featured_media":5844,"comment_status":"open","ping_status":"open","sticky":false,"template":"","format":"standard","meta":{"colormag_page_container_layout":"default_layout","colormag_page_sidebar_layout":"default_layout","footnotes":""},"categories":[56,4,8],"tags":[],"class_list":["post-5843","post","type-post","status-publish","format-standard","has-post-thumbnail","hentry","category-policiales","category-provincia","category-ultimas-noticias"],"_links":{"self":[{"href":"https:\/\/notipampa.com\/index.php?rest_route=\/wp\/v2\/posts\/5843","targetHints":{"allow":["GET"]}}],"collection":[{"href":"https:\/\/notipampa.com\/index.php?rest_route=\/wp\/v2\/posts"}],"about":[{"href":"https:\/\/notipampa.com\/index.php?rest_route=\/wp\/v2\/types\/post"}],"author":[{"embeddable":true,"href":"https:\/\/notipampa.com\/index.php?rest_route=\/wp\/v2\/users\/1"}],"replies":[{"embeddable":true,"href":"https:\/\/notipampa.com\/index.php?rest_route=%2Fwp%2Fv2%2Fcomments&post=5843"}],"version-history":[{"count":1,"href":"https:\/\/notipampa.com\/index.php?rest_route=\/wp\/v2\/posts\/5843\/revisions"}],"predecessor-version":[{"id":5845,"href":"https:\/\/notipampa.com\/index.php?rest_route=\/wp\/v2\/posts\/5843\/revisions\/5845"}],"wp:featuredmedia":[{"embeddable":true,"href":"https:\/\/notipampa.com\/index.php?rest_route=\/wp\/v2\/media\/5844"}],"wp:attachment":[{"href":"https:\/\/notipampa.com\/index.php?rest_route=%2Fwp%2Fv2%2Fmedia&parent=5843"}],"wp:term":[{"taxonomy":"category","embeddable":true,"href":"https:\/\/notipampa.com\/index.php?rest_route=%2Fwp%2Fv2%2Fcategories&post=5843"},{"taxonomy":"post_tag","embeddable":true,"href":"https:\/\/notipampa.com\/index.php?rest_route=%2Fwp%2Fv2%2Ftags&post=5843"}],"curies":[{"name":"wp","href":"https:\/\/api.w.org\/{rel}","templated":true}]}}