{"id":5805,"date":"2022-04-06T08:29:28","date_gmt":"2022-04-06T11:29:28","guid":{"rendered":"https:\/\/notipampa.com\/?p=5805"},"modified":"2022-04-06T08:29:29","modified_gmt":"2022-04-06T11:29:29","slug":"los-400-millones-de-pesos-seran-distribuidos-en-unas-10-mil-familias-y-en-aquellas-que-solo-tengan-la-tarjeta-social-pampeana-dijo-el-ministro-diego-alvarez","status":"publish","type":"post","link":"https:\/\/notipampa.com\/?p=5805","title":{"rendered":"Los 400 millones de pesos ser\u00e1n distribuidos en unas \u201c10 mil familias\u201d y en aquellas que \u201csolo tengan la tarjeta Social Pampeana\u201d, dijo el ministro Diego \u00c1lvarez"},"content":{"rendered":"\n<p>El gobierno de La Pampa anuncio ayer un esfuerzo presupuestario de 400 millones de pesos para atender a las familias que est\u00e9n en situaci\u00f3n de mayor vulnerabilidad en la provincia de La Pampa.<\/p>\n\n\n\n<p>Diego \u00c1lvarez, Ministro de Desarrollo Social de la provincia, explic\u00f3 qui\u00e9nes ser\u00edan los beneficiarios \u201cest\u00e1 destinado a aquellos que tengan la tarjeta social pampeana y que no tengan la tarjeta alimentar nacional\u201d. La tarjeta recibir\u00e1 un dep\u00f3sito de dinero que no se puede extra por cajero, sino que solo puede utilizarse en la compra de alimentos, ya sea en supermercados o en negocios cercanos.<\/p>\n\n\n\n<p>Va a ser un programa que acompa\u00f1ara a otros programas que las familias con mayor vulnerabilidad de la provincia ya est\u00e1n recibiendo. En principio va a ser a transitorio \u201cvamos a estar ejecutando por unos 3 meses\u201d aclar\u00f3 \u00c1lvarez.<\/p>\n\n\n\n<p>\u201cVamos a acompa\u00f1ar m\u00e1s o menos un universo de unas 10 mil familias pampeana que entendemos que est\u00e1n en una situaci\u00f3n de vulnerabilidad producto de los registros que tenemos\u201d \u00c1lvarez menciona esto en relaci\u00f3n con el sistema PILQUEN que recopila informaci\u00f3n a trav\u00e9s de los municipios y comisiones de fomento permitiendo tener una \u201cradiograf\u00eda del n\u00facleo familiar\u201d donde se entrecruzan con otros datos.<\/p>\n\n\n\n<p>Todav\u00eda no se sabe el monto total que recibir\u00e1 cada beneficiario. \u201cEl monto es lo que estamos determinando porque tiene que ver con el an\u00e1lisis que se haga de los n\u00facleos familiares, que grupos etarios tienen dentro, que situaci\u00f3n social, que va a determinar de acuerdo a esas caracter\u00edsticas, cu\u00e1l va a ser el importe que va a recibir cada uno de los n\u00facleos familiares\u201d coment\u00f3 el ministro.<\/p>\n\n\n\n<p>Con este programa, explica \u00c1lvarez, \u201clo que queremos es acompa\u00f1ar este proceso de aumento de alimentos y que afecta sin duda a los sectores m\u00e1s vulnerables, que se les complica la adquisici\u00f3n y garantizar la alimentaci\u00f3n m\u00ednima\u201d.<\/p>\n\n\n\n<p>\u201cEs un trabajo que no solamente se circunscribe en la tarjeta social pampeana, sino tambi\u00e9n a todos los distintos programas provinciales, como pueden ser comedores, y las distintas asistencias que hacen los municipios a trav\u00e9s de la entrega de los m\u00f3dulos alimentarios\u201d.<\/p>\n\n\n\n<p>Por \u00faltimo, seg\u00fan el ministro, \u201ccuando tengamos determinados los criterios de focalizaci\u00f3n ya definidos lo vamos a estar comunicando\u201d, adem\u00e1s del monto respectivo que se les otorgar\u00e1 a las familias.<\/p>\n","protected":false},"excerpt":{"rendered":"<p>El gobierno de La Pampa anuncio ayer un esfuerzo presupuestario de 400 millones de pesos para atender a las familias<\/p>\n","protected":false},"author":1,"featured_media":5806,"comment_status":"open","ping_status":"open","sticky":false,"template":"","format":"standard","meta":{"colormag_page_container_layout":"default_layout","colormag_page_sidebar_layout":"default_layout","footnotes":""},"categories":[4,8],"tags":[],"class_list":["post-5805","post","type-post","status-publish","format-standard","has-post-thumbnail","hentry","category-provincia","category-ultimas-noticias"],"_links":{"self":[{"href":"https:\/\/notipampa.com\/index.php?rest_route=\/wp\/v2\/posts\/5805","targetHints":{"allow":["GET"]}}],"collection":[{"href":"https:\/\/notipampa.com\/index.php?rest_route=\/wp\/v2\/posts"}],"about":[{"href":"https:\/\/notipampa.com\/index.php?rest_route=\/wp\/v2\/types\/post"}],"author":[{"embeddable":true,"href":"https:\/\/notipampa.com\/index.php?rest_route=\/wp\/v2\/users\/1"}],"replies":[{"embeddable":true,"href":"https:\/\/notipampa.com\/index.php?rest_route=%2Fwp%2Fv2%2Fcomments&post=5805"}],"version-history":[{"count":1,"href":"https:\/\/notipampa.com\/index.php?rest_route=\/wp\/v2\/posts\/5805\/revisions"}],"predecessor-version":[{"id":5807,"href":"https:\/\/notipampa.com\/index.php?rest_route=\/wp\/v2\/posts\/5805\/revisions\/5807"}],"wp:featuredmedia":[{"embeddable":true,"href":"https:\/\/notipampa.com\/index.php?rest_route=\/wp\/v2\/media\/5806"}],"wp:attachment":[{"href":"https:\/\/notipampa.com\/index.php?rest_route=%2Fwp%2Fv2%2Fmedia&parent=5805"}],"wp:term":[{"taxonomy":"category","embeddable":true,"href":"https:\/\/notipampa.com\/index.php?rest_route=%2Fwp%2Fv2%2Fcategories&post=5805"},{"taxonomy":"post_tag","embeddable":true,"href":"https:\/\/notipampa.com\/index.php?rest_route=%2Fwp%2Fv2%2Ftags&post=5805"}],"curies":[{"name":"wp","href":"https:\/\/api.w.org\/{rel}","templated":true}]}}