{"id":5712,"date":"2022-03-31T08:29:28","date_gmt":"2022-03-31T11:29:28","guid":{"rendered":"https:\/\/notipampa.com\/?p=5712"},"modified":"2022-03-31T08:29:28","modified_gmt":"2022-03-31T11:29:28","slug":"general-pico-atraparon-el-puma-en-la-zona-centrica","status":"publish","type":"post","link":"https:\/\/notipampa.com\/?p=5712","title":{"rendered":"General Pico: Atraparon el puma en la zona c\u00e9ntrica"},"content":{"rendered":"\n<p>En horas de la madrugada el puma que andaba suelto desde hace varios d\u00edas logr\u00f3 ser atrapado en calle 17 entre 14 y 16.<\/p>\n\n\n\n<p>A las 3:15 de la ma\u00f1ana terminaron agarrar al puma que andaba suelto. Durante la noche hubo varios llamados en distintas zonas, primero cerca del Vivero Williamson, luego en la zona de Corpico. Ah\u00ed, ya en calle 11 entre 8 y 6 le tiraron un dardo tranquilizante, pero el animal logro huir.<\/p>\n\n\n\n<p>\u201cFinalmente en calle 17 entre 14 y 16 con los efectos del dardo terminaron de atraparlo\u201d, indic\u00f3 el Jefe de la Divisi\u00f3n Seguridad Rural UR-II Comisario David Baz\u00e1n.<\/p>\n\n\n\n<figure class=\"wp-block-image size-full is-resized\"><img fetchpriority=\"high\" decoding=\"async\" src=\"https:\/\/notipampa.com\/wp-content\/uploads\/2022\/03\/Sin-titulo-28.png\" alt=\"\" class=\"wp-image-5713\" width=\"1034\" height=\"705\" srcset=\"https:\/\/notipampa.com\/wp-content\/uploads\/2022\/03\/Sin-titulo-28.png 735w, https:\/\/notipampa.com\/wp-content\/uploads\/2022\/03\/Sin-titulo-28-300x204.png 300w, https:\/\/notipampa.com\/wp-content\/uploads\/2022\/03\/Sin-titulo-28-130x90.png 130w\" sizes=\"(max-width: 1034px) 100vw, 1034px\" \/><\/figure>\n\n\n\n<p>Infopico<\/p>\n","protected":false},"excerpt":{"rendered":"<p>En horas de la madrugada el puma que andaba suelto desde hace varios d\u00edas logr\u00f3 ser atrapado en calle 17<\/p>\n","protected":false},"author":1,"featured_media":5714,"comment_status":"open","ping_status":"open","sticky":false,"template":"","format":"standard","meta":{"colormag_page_container_layout":"default_layout","colormag_page_sidebar_layout":"default_layout","footnotes":""},"categories":[4,8],"tags":[],"class_list":["post-5712","post","type-post","status-publish","format-standard","has-post-thumbnail","hentry","category-provincia","category-ultimas-noticias"],"_links":{"self":[{"href":"https:\/\/notipampa.com\/index.php?rest_route=\/wp\/v2\/posts\/5712","targetHints":{"allow":["GET"]}}],"collection":[{"href":"https:\/\/notipampa.com\/index.php?rest_route=\/wp\/v2\/posts"}],"about":[{"href":"https:\/\/notipampa.com\/index.php?rest_route=\/wp\/v2\/types\/post"}],"author":[{"embeddable":true,"href":"https:\/\/notipampa.com\/index.php?rest_route=\/wp\/v2\/users\/1"}],"replies":[{"embeddable":true,"href":"https:\/\/notipampa.com\/index.php?rest_route=%2Fwp%2Fv2%2Fcomments&post=5712"}],"version-history":[{"count":1,"href":"https:\/\/notipampa.com\/index.php?rest_route=\/wp\/v2\/posts\/5712\/revisions"}],"predecessor-version":[{"id":5715,"href":"https:\/\/notipampa.com\/index.php?rest_route=\/wp\/v2\/posts\/5712\/revisions\/5715"}],"wp:featuredmedia":[{"embeddable":true,"href":"https:\/\/notipampa.com\/index.php?rest_route=\/wp\/v2\/media\/5714"}],"wp:attachment":[{"href":"https:\/\/notipampa.com\/index.php?rest_route=%2Fwp%2Fv2%2Fmedia&parent=5712"}],"wp:term":[{"taxonomy":"category","embeddable":true,"href":"https:\/\/notipampa.com\/index.php?rest_route=%2Fwp%2Fv2%2Fcategories&post=5712"},{"taxonomy":"post_tag","embeddable":true,"href":"https:\/\/notipampa.com\/index.php?rest_route=%2Fwp%2Fv2%2Ftags&post=5712"}],"curies":[{"name":"wp","href":"https:\/\/api.w.org\/{rel}","templated":true}]}}