{"id":5700,"date":"2022-03-30T11:41:04","date_gmt":"2022-03-30T14:41:04","guid":{"rendered":"https:\/\/notipampa.com\/?p=5700"},"modified":"2022-03-30T12:12:50","modified_gmt":"2022-03-30T15:12:50","slug":"video-fm-mi-sueno-organizo-una-rifa-solidaria-por-paula-pinedo-y-recaudo-150-000","status":"publish","type":"post","link":"https:\/\/notipampa.com\/?p=5700","title":{"rendered":"(Video) Fm Mi Sue\u00f1o organiz\u00f3 una rifa solidaria por Paula Pinedo y recaud\u00f3 $150.000"},"content":{"rendered":"\n<p>Este s\u00e1bado pasado se realiz\u00f3 el sorteo de la rifa solidaria organizada por Fm Mi Sue\u00f1o de Marcela Fern\u00e1ndez. Donde auspiciantes, radioescuchas y amigos, ayudaron a poder realizar este gran acto solidario y as\u00ed poder recaudar fondos para la familia de Paula Pinedo.<\/p>\n\n\n\n<figure class=\"wp-block-embed is-type-video is-provider-youtube wp-block-embed-youtube wp-embed-aspect-16-9 wp-has-aspect-ratio\"><div class=\"wp-block-embed__wrapper\">\n<iframe title=\"Fm Mi Sue\u00f1o organizo una rifa solidaria por Paula Pinedo y recaudo $150.000\" width=\"800\" height=\"450\" src=\"https:\/\/www.youtube.com\/embed\/ZpnUlLpBd3g?feature=oembed\" frameborder=\"0\" allow=\"accelerometer; autoplay; clipboard-write; encrypted-media; gyroscope; picture-in-picture\" allowfullscreen><\/iframe>\n<\/div><\/figure>\n\n\n\n<p>Hicimos contacto con Marcela, y nos cont\u00f3 que de la rifa \u201cTODOS POR PAULA\u201d se vendieron los 1500 n\u00fameros que salieron a la venta y se recaud\u00f3 un total de $ 150.000.<\/p>\n\n\n\n<p>Seg\u00fan explico la organizadora, $ 100.000 fueron entregados a la mam\u00e1 de Paula, quien viajar\u00e1 junto a ella a Capital Federal ya que ser\u00e1 trasladada a un Instituto Neurol\u00f3gico.<\/p>\n\n\n\n<figure class=\"wp-block-image size-large is-resized\"><img fetchpriority=\"high\" decoding=\"async\" src=\"https:\/\/notipampa.com\/wp-content\/uploads\/2022\/03\/WhatsApp-Image-2022-03-29-at-7.05.18-PM-1024x738.jpeg\" alt=\"\" class=\"wp-image-5701\" width=\"1033\" height=\"744\" srcset=\"https:\/\/notipampa.com\/wp-content\/uploads\/2022\/03\/WhatsApp-Image-2022-03-29-at-7.05.18-PM-1024x738.jpeg 1024w, https:\/\/notipampa.com\/wp-content\/uploads\/2022\/03\/WhatsApp-Image-2022-03-29-at-7.05.18-PM-300x216.jpeg 300w, https:\/\/notipampa.com\/wp-content\/uploads\/2022\/03\/WhatsApp-Image-2022-03-29-at-7.05.18-PM-768x553.jpeg 768w, https:\/\/notipampa.com\/wp-content\/uploads\/2022\/03\/WhatsApp-Image-2022-03-29-at-7.05.18-PM.jpeg 1280w\" sizes=\"(max-width: 1033px) 100vw, 1033px\" \/><\/figure>\n\n\n\n<p>Los $50.000 restantes fueron entregados a una de las hermanas que est\u00e1 a cargo de los hijos de Paula.<\/p>\n\n\n\n<figure class=\"wp-block-image size-large is-resized\"><img decoding=\"async\" src=\"https:\/\/notipampa.com\/wp-content\/uploads\/2022\/03\/WhatsApp-Image-2022-03-29-at-7.06.10-PM-1024x725.jpeg\" alt=\"\" class=\"wp-image-5702\" width=\"1035\" height=\"733\" srcset=\"https:\/\/notipampa.com\/wp-content\/uploads\/2022\/03\/WhatsApp-Image-2022-03-29-at-7.06.10-PM-1024x725.jpeg 1024w, https:\/\/notipampa.com\/wp-content\/uploads\/2022\/03\/WhatsApp-Image-2022-03-29-at-7.06.10-PM-300x212.jpeg 300w, https:\/\/notipampa.com\/wp-content\/uploads\/2022\/03\/WhatsApp-Image-2022-03-29-at-7.06.10-PM-768x544.jpeg 768w, https:\/\/notipampa.com\/wp-content\/uploads\/2022\/03\/WhatsApp-Image-2022-03-29-at-7.06.10-PM.jpeg 1280w\" sizes=\"(max-width: 1035px) 100vw, 1035px\" \/><\/figure>\n","protected":false},"excerpt":{"rendered":"<p>Este s\u00e1bado pasado se realiz\u00f3 el sorteo de la rifa solidaria organizada por Fm Mi Sue\u00f1o de Marcela Fern\u00e1ndez. Donde<\/p>\n","protected":false},"author":1,"featured_media":5705,"comment_status":"open","ping_status":"open","sticky":false,"template":"","format":"standard","meta":{"colormag_page_container_layout":"default_layout","colormag_page_sidebar_layout":"default_layout","footnotes":""},"categories":[6,8],"tags":[],"class_list":["post-5700","post","type-post","status-publish","format-standard","has-post-thumbnail","hentry","category-locales","category-ultimas-noticias"],"_links":{"self":[{"href":"https:\/\/notipampa.com\/index.php?rest_route=\/wp\/v2\/posts\/5700","targetHints":{"allow":["GET"]}}],"collection":[{"href":"https:\/\/notipampa.com\/index.php?rest_route=\/wp\/v2\/posts"}],"about":[{"href":"https:\/\/notipampa.com\/index.php?rest_route=\/wp\/v2\/types\/post"}],"author":[{"embeddable":true,"href":"https:\/\/notipampa.com\/index.php?rest_route=\/wp\/v2\/users\/1"}],"replies":[{"embeddable":true,"href":"https:\/\/notipampa.com\/index.php?rest_route=%2Fwp%2Fv2%2Fcomments&post=5700"}],"version-history":[{"count":3,"href":"https:\/\/notipampa.com\/index.php?rest_route=\/wp\/v2\/posts\/5700\/revisions"}],"predecessor-version":[{"id":5708,"href":"https:\/\/notipampa.com\/index.php?rest_route=\/wp\/v2\/posts\/5700\/revisions\/5708"}],"wp:featuredmedia":[{"embeddable":true,"href":"https:\/\/notipampa.com\/index.php?rest_route=\/wp\/v2\/media\/5705"}],"wp:attachment":[{"href":"https:\/\/notipampa.com\/index.php?rest_route=%2Fwp%2Fv2%2Fmedia&parent=5700"}],"wp:term":[{"taxonomy":"category","embeddable":true,"href":"https:\/\/notipampa.com\/index.php?rest_route=%2Fwp%2Fv2%2Fcategories&post=5700"},{"taxonomy":"post_tag","embeddable":true,"href":"https:\/\/notipampa.com\/index.php?rest_route=%2Fwp%2Fv2%2Ftags&post=5700"}],"curies":[{"name":"wp","href":"https:\/\/api.w.org\/{rel}","templated":true}]}}