{"id":5697,"date":"2022-03-30T09:27:07","date_gmt":"2022-03-30T12:27:07","guid":{"rendered":"https:\/\/notipampa.com\/?p=5697"},"modified":"2022-03-30T09:27:08","modified_gmt":"2022-03-30T12:27:08","slug":"14-grandes-figuras-que-se-quedaron-afuera-del-mundial-de-qatar","status":"publish","type":"post","link":"https:\/\/notipampa.com\/?p=5697","title":{"rendered":"14 grandes figuras que se quedaron afuera del Mundial de Qatar"},"content":{"rendered":"\n<p><strong>Desde Zlatan Ibrahimovic, que dej\u00f3 pasar su \u00faltima chance, a Erling Haaland, el delantero del futuro, pasando por Marco Verratti, el socio de Messi en el PSG. Las Eliminatorias resultaron un escollo infranqueable para varias seleccionados de peso<\/strong><\/p>\n\n\n\n<p>Las<strong>&nbsp;Eliminatorias<\/strong>&nbsp;no paran de acumular v\u00edctimas de peso. As\u00ed como varias selecciones celebraron el pasaje a la&nbsp;<strong>Copa del Mundo de Qatar<\/strong>, otras, con figuras en sus filas, quedaron en el camino. Y muchos de los futbolistas que deleitan a sus clubes semana a semana se perder\u00e1n la cita ecum\u00e9nica. Y representar\u00e1 un atractivo menos para los fan\u00e1ticos del deporte. Aqu\u00ed, una lista de los grandes ausentes del pr\u00f3ximo Mundial.<\/p>\n\n\n\n<p><strong>Gianluigi Donnarumma<\/strong><img fetchpriority=\"high\" decoding=\"async\" alt=\"Gigi pele\u00f3 por el premio al mejor arquero del a\u00f1o, pero luego su nivel declin\u00f3 (REUTERS\/Alberto Lingria)\" height=\"2202\" width=\"3217\" class=\"\" src=\"https:\/\/cloudfront-us-east-1.images.arcpublishing.com\/infobae\/UHS7PGM7D526Y7SMC627X4EBUE.jpg\" srcset=\"https:\/\/www.infobae.com\/new-resizer\/kPmw52rpoHLYM5A9Yq-e88EuDIE=\/420x280\/filters:format(webp):quality(85)\/cloudfront-us-east-1.images.arcpublishing.com\/infobae\/UHS7PGM7D526Y7SMC627X4EBUE.jpg 420w,https:\/\/www.infobae.com\/new-resizer\/Fbmzyfs-A0H6EeVq-0rBiHh963g=\/768x512\/filters:format(webp):quality(85)\/cloudfront-us-east-1.images.arcpublishing.com\/infobae\/UHS7PGM7D526Y7SMC627X4EBUE.jpg 768w,https:\/\/www.infobae.com\/new-resizer\/RrpSPHa5LpJAyzWXOU12dCi27FA=\/992x661\/filters:format(webp):quality(85)\/cloudfront-us-east-1.images.arcpublishing.com\/infobae\/UHS7PGM7D526Y7SMC627X4EBUE.jpg 992w,https:\/\/www.infobae.com\/new-resizer\/j0sYjr_zauLsvx2NZUtgL3J_cGw=\/1200x800\/filters:format(webp):quality(85)\/cloudfront-us-east-1.images.arcpublishing.com\/infobae\/UHS7PGM7D526Y7SMC627X4EBUE.jpg 1200w,https:\/\/www.infobae.com\/new-resizer\/mpbhcPfHYCOkOKJ3wy5YlW-El-g=\/1440x960\/filters:format(webp):quality(85)\/cloudfront-us-east-1.images.arcpublishing.com\/infobae\/UHS7PGM7D526Y7SMC627X4EBUE.jpg 1440w\">Gigi pele\u00f3 por el premio al mejor arquero del a\u00f1o, pero luego su nivel declin\u00f3 (REUTERS\/Alberto Lingria)<\/p>\n\n\n\n<p>El arquero, de 23 a\u00f1os, fue la gran figura de Italia en la Eurocopa que gan\u00f3 su seleccionado. Sin embargo, su nivel cay\u00f3 por un tobog\u00e1n tras la derrota del PSG ante el Real Madrid en la Champions League, en la que result\u00f3 decisiva, dado que un error suyo propici\u00f3 la reacci\u00f3n del Merengue. Nada pudo hacer en la repesca ante Macedonia del Norte, quien se impuso en tiempo de descuento y dej\u00f3 a la Azzurra sin Mundial.<\/p>\n\n\n\n<p><strong>David Alaba<\/strong><img decoding=\"async\" alt=\"Alaba qued\u00f3 en el camino ante Gales (REUTERS\/Javier Barbancho)\" height=\"2073\" width=\"2766\" class=\"\" src=\"https:\/\/cloudfront-us-east-1.images.arcpublishing.com\/infobae\/MBDWW4PDSKBARN6AX6FGBDYWBY.jpg\" srcset=\"https:\/\/www.infobae.com\/new-resizer\/Z1lZQvoVAKu6t9eLc7rJDpwg1bw=\/420x315\/filters:format(webp):quality(85)\/cloudfront-us-east-1.images.arcpublishing.com\/infobae\/MBDWW4PDSKBARN6AX6FGBDYWBY.jpg 420w,https:\/\/www.infobae.com\/new-resizer\/YRqcpMJLe8vB2HqXb-bKL6RhLuE=\/768x576\/filters:format(webp):quality(85)\/cloudfront-us-east-1.images.arcpublishing.com\/infobae\/MBDWW4PDSKBARN6AX6FGBDYWBY.jpg 768w,https:\/\/www.infobae.com\/new-resizer\/o0Lg40lyKHqpAjRgsZBVKu-kVi0=\/992x744\/filters:format(webp):quality(85)\/cloudfront-us-east-1.images.arcpublishing.com\/infobae\/MBDWW4PDSKBARN6AX6FGBDYWBY.jpg 992w,https:\/\/www.infobae.com\/new-resizer\/bd_zspephi0xQdAQTEcEEZUFSC4=\/1200x900\/filters:format(webp):quality(85)\/cloudfront-us-east-1.images.arcpublishing.com\/infobae\/MBDWW4PDSKBARN6AX6FGBDYWBY.jpg 1200w,https:\/\/www.infobae.com\/new-resizer\/nHrAT6Z6iRRWmPmdFitWo-_lzCQ=\/1440x1080\/filters:format(webp):quality(85)\/cloudfront-us-east-1.images.arcpublishing.com\/infobae\/MBDWW4PDSKBARN6AX6FGBDYWBY.jpg 1440w\">Alaba qued\u00f3 en el camino ante Gales (REUTERS\/Javier Barbancho)<\/p>\n\n\n\n<p>El marcador central-lateral, de 29 a\u00f1os, brilla en el Real Madrid y fue multicampe\u00f3n en el Bayern M\u00fanich. Sin embargo, no logr\u00f3 conducir a la selecci\u00f3n de Austria a la Copa del Mundo: perdi\u00f3 con Gales en el escal\u00f3n previo a la final del Repechaje.<\/p>\n\n\n\n<p><strong>Marco Verratti<\/strong><img decoding=\"async\" alt=\"La decepci\u00f3n de Verratti tras el tropiezo ante Macedonia del Norte (REUTERS\/Guglielmo Mangiapane)\" height=\"995\" width=\"1411\" class=\"\" src=\"https:\/\/cloudfront-us-east-1.images.arcpublishing.com\/infobae\/KFXL6XOXGLBUU5DI6KBVN734U4.jpg\" srcset=\"https:\/\/www.infobae.com\/new-resizer\/jgejC87B8YvaFogeW7uxVJrF0aI=\/420x280\/filters:format(webp):quality(85)\/cloudfront-us-east-1.images.arcpublishing.com\/infobae\/KFXL6XOXGLBUU5DI6KBVN734U4.jpg 420w,https:\/\/www.infobae.com\/new-resizer\/0yYmy2xi96zEF6JAEJlDd7hHif8=\/768x512\/filters:format(webp):quality(85)\/cloudfront-us-east-1.images.arcpublishing.com\/infobae\/KFXL6XOXGLBUU5DI6KBVN734U4.jpg 768w,https:\/\/www.infobae.com\/new-resizer\/ihhx8g1j4LPwUCuQYxG78SSyS6A=\/992x661\/filters:format(webp):quality(85)\/cloudfront-us-east-1.images.arcpublishing.com\/infobae\/KFXL6XOXGLBUU5DI6KBVN734U4.jpg 992w,https:\/\/www.infobae.com\/new-resizer\/6BQ-Ytmnz8m6OuzBS5HChDrTP-E=\/1200x800\/filters:format(webp):quality(85)\/cloudfront-us-east-1.images.arcpublishing.com\/infobae\/KFXL6XOXGLBUU5DI6KBVN734U4.jpg 1200w,https:\/\/www.infobae.com\/new-resizer\/7C8L7PQbnfAdpa34vPCTRwovXpU=\/1440x960\/filters:format(webp):quality(85)\/cloudfront-us-east-1.images.arcpublishing.com\/infobae\/KFXL6XOXGLBUU5DI6KBVN734U4.jpg 1440w\">La decepci\u00f3n de Verratti tras el tropiezo ante Macedonia del Norte (REUTERS\/Guglielmo Mangiapane)<\/p>\n\n\n\n<p>Otra estrella italiana que ver\u00e1 el Mundial por TV. El mediocampista, yal vez el mejor socio hasta el momento de Messi en el PSG, se pierde la segunda Copa del Mundo consecutiva a los 29 a\u00f1os.<\/p>\n\n\n\n<p><strong>Erling Haaland<\/strong><img loading=\"lazy\" decoding=\"async\" alt=\"El camino de la Noruega de Haaland en las Eliminatorias result\u00f3 sinuoso  (Hakon Mosvold Larsen\/NTB via REUTERS)\" height=\"2534\" width=\"3599\" class=\"\" src=\"https:\/\/cloudfront-us-east-1.images.arcpublishing.com\/infobae\/YJHVL23S3PD7MLFSSPEWHKMYLQ.jpg\" srcset=\"https:\/\/www.infobae.com\/new-resizer\/amNDraoYw5TLwh0U5JlsRYJo7k4=\/420x280\/filters:format(webp):quality(85)\/cloudfront-us-east-1.images.arcpublishing.com\/infobae\/YJHVL23S3PD7MLFSSPEWHKMYLQ.jpg 420w,https:\/\/www.infobae.com\/new-resizer\/0zC9kesafDeBxNz8NVoIJP-6WzQ=\/768x512\/filters:format(webp):quality(85)\/cloudfront-us-east-1.images.arcpublishing.com\/infobae\/YJHVL23S3PD7MLFSSPEWHKMYLQ.jpg 768w,https:\/\/www.infobae.com\/new-resizer\/_bFRVJ-sSrCKZ4HdQ5-NJpi1aeE=\/992x661\/filters:format(webp):quality(85)\/cloudfront-us-east-1.images.arcpublishing.com\/infobae\/YJHVL23S3PD7MLFSSPEWHKMYLQ.jpg 992w,https:\/\/www.infobae.com\/new-resizer\/XsqcvjmqwMAWQ5VdRYu3BWzOisw=\/1200x800\/filters:format(webp):quality(85)\/cloudfront-us-east-1.images.arcpublishing.com\/infobae\/YJHVL23S3PD7MLFSSPEWHKMYLQ.jpg 1200w,https:\/\/www.infobae.com\/new-resizer\/p7334dviZrMrR30QhXlEII07RVc=\/1440x960\/filters:format(webp):quality(85)\/cloudfront-us-east-1.images.arcpublishing.com\/infobae\/YJHVL23S3PD7MLFSSPEWHKMYLQ.jpg 1440w\">El camino de la Noruega de Haaland en las Eliminatorias result\u00f3 sinuoso (Hakon Mosvold Larsen\/NTB via REUTERS)<\/p>\n\n\n\n<p>El atacante del Borussia Dortmund, se\u00f1alado por los especialistas, junto a Kylian Mbapp\u00e9, como el heredero de Messi y Cristiano Ronaldo, no participar\u00e1 de la cita porque Noruega. Su seleccionado (y el de Martin Odegaard, otro gran valor) qued\u00f3 tercero en el Grupo G de las eliminatorias europeas, detr\u00e1s de Pa\u00edses Bajos (clasificado) y Turqu\u00eda, que no pas\u00f3 el corte de Portugal en el repechaje.<\/p>\n\n\n\n<p><strong>Pierre Emerick Aubameyang<\/strong><img loading=\"lazy\" decoding=\"async\" alt=\"Aubameyang, en un partido de Gab\u00f3n ante Burkina Faso (Visionhaus\/Corbis via Getty Images)\" height=\"1080\" width=\"1920\" class=\"\" src=\"https:\/\/cloudfront-us-east-1.images.arcpublishing.com\/infobae\/3ODTTNQHBZFIJP6YXEFMXJCFB4.jpg\" srcset=\"https:\/\/www.infobae.com\/new-resizer\/BChzF9btuDetpuoI68nXM-0luH4=\/420x236\/filters:format(webp):quality(85)\/cloudfront-us-east-1.images.arcpublishing.com\/infobae\/3ODTTNQHBZFIJP6YXEFMXJCFB4.jpg 420w,https:\/\/www.infobae.com\/new-resizer\/gDKADd30QhYq-6j65j_EXM48hqs=\/768x432\/filters:format(webp):quality(85)\/cloudfront-us-east-1.images.arcpublishing.com\/infobae\/3ODTTNQHBZFIJP6YXEFMXJCFB4.jpg 768w,https:\/\/www.infobae.com\/new-resizer\/tgeBoXxhv082w8lgd52GiVJENZ4=\/992x558\/filters:format(webp):quality(85)\/cloudfront-us-east-1.images.arcpublishing.com\/infobae\/3ODTTNQHBZFIJP6YXEFMXJCFB4.jpg 992w,https:\/\/www.infobae.com\/new-resizer\/j_cnXtHGOf_1nH_90aEKcQoH-KQ=\/1200x675\/filters:format(webp):quality(85)\/cloudfront-us-east-1.images.arcpublishing.com\/infobae\/3ODTTNQHBZFIJP6YXEFMXJCFB4.jpg 1200w,https:\/\/www.infobae.com\/new-resizer\/Vif5dhx6JbkmLyA7xTvmhgsP4uk=\/1440x810\/filters:format(webp):quality(85)\/cloudfront-us-east-1.images.arcpublishing.com\/infobae\/3ODTTNQHBZFIJP6YXEFMXJCFB4.jpg 1440w\">Aubameyang, en un partido de Gab\u00f3n ante Burkina Faso (Visionhaus\/Corbis via Getty Images)<\/p>\n\n\n\n<p>El punta de 32 a\u00f1os, hoy de nuevo en gran nivel en el Barcelona, es v\u00edctima de un seleccionado que no estuvo a la altura: Gab\u00f3n.<\/p>\n\n\n\n<p><strong>Mohamed Salah<\/strong><img loading=\"lazy\" decoding=\"async\" alt=\"Salah, en el momento de la ejecuci\u00f3n por penales: lo perjudicaron los l\u00e1seres\" height=\"998\" width=\"1775\" class=\"\" src=\"https:\/\/cloudfront-us-east-1.images.arcpublishing.com\/infobae\/RIK2UO5ZOBHGBH4BUGPNLNDVH4.png\" srcset=\"https:\/\/www.infobae.com\/new-resizer\/qKH4m-BE6NCNE0cqfrzqk13THM4=\/420x236\/filters:format(webp):quality(85)\/cloudfront-us-east-1.images.arcpublishing.com\/infobae\/RIK2UO5ZOBHGBH4BUGPNLNDVH4.png 420w,https:\/\/www.infobae.com\/new-resizer\/uagV3qOH-KJl3D-Rgft8-K0XhTM=\/768x432\/filters:format(webp):quality(85)\/cloudfront-us-east-1.images.arcpublishing.com\/infobae\/RIK2UO5ZOBHGBH4BUGPNLNDVH4.png 768w,https:\/\/www.infobae.com\/new-resizer\/Yj9oZB3pjO938SQBBXESBV6Xqjo=\/992x558\/filters:format(webp):quality(85)\/cloudfront-us-east-1.images.arcpublishing.com\/infobae\/RIK2UO5ZOBHGBH4BUGPNLNDVH4.png 992w,https:\/\/www.infobae.com\/new-resizer\/3ryh27RTNBNzZ27dZdTvRoAQ_F8=\/1200x675\/filters:format(webp):quality(85)\/cloudfront-us-east-1.images.arcpublishing.com\/infobae\/RIK2UO5ZOBHGBH4BUGPNLNDVH4.png 1200w,https:\/\/www.infobae.com\/new-resizer\/jCLth2ImV4xQyS_wKLr1zM6hxaw=\/1440x810\/filters:format(webp):quality(85)\/cloudfront-us-east-1.images.arcpublishing.com\/infobae\/RIK2UO5ZOBHGBH4BUGPNLNDVH4.png 1440w\">Salah, en el momento de la ejecuci\u00f3n por penales: lo perjudicaron los l\u00e1seres<\/p>\n\n\n\n<p>A los 29 a\u00f1os, el hombre del Liverpool es uno de los mejores atacantes de la actualidad. Sin embargo, termin\u00f3 siendo determinante en la eliminaci\u00f3n de Egipto, que perdi\u00f3 por penales con Senegal: fall\u00f3 el primer intento de la serie.<\/p>\n\n\n\n<p><strong>Riyad Mahrez<\/strong><img loading=\"lazy\" decoding=\"async\" alt=\"Riyad fue titular en el duelo en el que Argelia qued\u00f3 en la puerta del Mundial (Getty Images)\" height=\"1920\" width=\"1920\" class=\"\" src=\"https:\/\/cloudfront-us-east-1.images.arcpublishing.com\/infobae\/E7EH6FMYZZGSDNRQV7YJ7677W4.jpg\" srcset=\"https:\/\/www.infobae.com\/new-resizer\/j8SZfcyz3Zz68vmUJ9Ml3rdq52I=\/420x420\/filters:format(webp):quality(85)\/cloudfront-us-east-1.images.arcpublishing.com\/infobae\/E7EH6FMYZZGSDNRQV7YJ7677W4.jpg 420w,https:\/\/www.infobae.com\/new-resizer\/UQVpjnpnEULWCrdaboTMVV71G1k=\/768x768\/filters:format(webp):quality(85)\/cloudfront-us-east-1.images.arcpublishing.com\/infobae\/E7EH6FMYZZGSDNRQV7YJ7677W4.jpg 768w,https:\/\/www.infobae.com\/new-resizer\/uGivt8nEJsknKBhlfQoAwXV7PTw=\/992x992\/filters:format(webp):quality(85)\/cloudfront-us-east-1.images.arcpublishing.com\/infobae\/E7EH6FMYZZGSDNRQV7YJ7677W4.jpg 992w,https:\/\/www.infobae.com\/new-resizer\/wqhdW_KBTzAcS5Ns-3s3OhwOnh8=\/1200x1200\/filters:format(webp):quality(85)\/cloudfront-us-east-1.images.arcpublishing.com\/infobae\/E7EH6FMYZZGSDNRQV7YJ7677W4.jpg 1200w,https:\/\/www.infobae.com\/new-resizer\/FMvHXV7pC0o5s1YqbQxaMcc9Atk=\/1440x1440\/filters:format(webp):quality(85)\/cloudfront-us-east-1.images.arcpublishing.com\/infobae\/E7EH6FMYZZGSDNRQV7YJ7677W4.jpg 1440w\">Riyad fue titular en el duelo en el que Argelia qued\u00f3 en la puerta del Mundial (Getty Images)<\/p>\n\n\n\n<p>La figura del Manchester City, de 31 a\u00f1os, se qued\u00f3 en la puerta con Argelia. Cay\u00f3 2-1 ante Camer\u00fan en el minuto 194 de la llave y observ\u00f3 desde el c\u00e9sped c\u00f3mo se le escurri\u00f3 la chance.<\/p>\n\n\n\n<p><strong>Zlatan Ibrahimovic<\/strong><img loading=\"lazy\" decoding=\"async\" alt=\"Zlatan jug\u00f3 dos Mundiales: Corea-Jap\u00f3n 2002 y Alemania 2006 (Jonas Ekstromer\/TT News Agency via REUTERS)\" height=\"4264\" width=\"5824\" class=\"\" src=\"https:\/\/cloudfront-us-east-1.images.arcpublishing.com\/infobae\/BST36QON7EVRRO3SI5AH2FXSCQ.jpg\" srcset=\"https:\/\/www.infobae.com\/new-resizer\/89hRugEGo8QaxZExGtt0jriS084=\/420x315\/filters:format(webp):quality(85)\/cloudfront-us-east-1.images.arcpublishing.com\/infobae\/BST36QON7EVRRO3SI5AH2FXSCQ.jpg 420w,https:\/\/www.infobae.com\/new-resizer\/3vGRofFUtDQv8lkFeLuoZeaSups=\/768x576\/filters:format(webp):quality(85)\/cloudfront-us-east-1.images.arcpublishing.com\/infobae\/BST36QON7EVRRO3SI5AH2FXSCQ.jpg 768w,https:\/\/www.infobae.com\/new-resizer\/LOroAWu63WAJdLMdbIOG6Md9GlI=\/992x744\/filters:format(webp):quality(85)\/cloudfront-us-east-1.images.arcpublishing.com\/infobae\/BST36QON7EVRRO3SI5AH2FXSCQ.jpg 992w,https:\/\/www.infobae.com\/new-resizer\/iyxmxl9gl_0ZA_qRM7gzSYcFJZY=\/1200x900\/filters:format(webp):quality(85)\/cloudfront-us-east-1.images.arcpublishing.com\/infobae\/BST36QON7EVRRO3SI5AH2FXSCQ.jpg 1200w,https:\/\/www.infobae.com\/new-resizer\/oxepSQxXV82tjL-B4j_jlgy2pME=\/1440x1080\/filters:format(webp):quality(85)\/cloudfront-us-east-1.images.arcpublishing.com\/infobae\/BST36QON7EVRRO3SI5AH2FXSCQ.jpg 1440w\">Zlatan jug\u00f3 dos Mundiales: Corea-Jap\u00f3n 2002 y Alemania 2006 (Jonas Ekstromer\/TT News Agency via REUTERS)<\/p>\n\n\n\n<p>A los 40 a\u00f1os, el m\u00edtico delantero vio pasar su \u00faltima chance para jugar un Mundial. Entr\u00f3 en el segundo tiempo, pero no logr\u00f3 revertir la derrota de su seleccionado por 2 a 0 ante la Polonia de Robert Lewandowski. El ganador del premio The Best s\u00ed ir\u00e1 a Qatar.<\/p>\n\n\n\n<p><strong>James Rodr\u00edguez, Luis D\u00edaz y Juan Guillermo Cuadrado<\/strong><img loading=\"lazy\" decoding=\"async\" alt=\"James Rodr\u00edguez, Luis D\u00edaz y Juan Guillermo Cuadrado, las tres estrellas de Colombia que no participar\u00e1n del Mundial de Qatar\" height=\"1080\" width=\"1920\" class=\"\" src=\"https:\/\/cloudfront-us-east-1.images.arcpublishing.com\/infobae\/5DPAAGZM3VD67ENAHJDU3OPYDA.jpg\" srcset=\"https:\/\/www.infobae.com\/new-resizer\/TPGi5pxlGzkhhHvchhKmnkmBaDM=\/420x236\/filters:format(webp):quality(85)\/cloudfront-us-east-1.images.arcpublishing.com\/infobae\/5DPAAGZM3VD67ENAHJDU3OPYDA.jpg 420w,https:\/\/www.infobae.com\/new-resizer\/DdpO4r7cGq6C-kAtOHr655iNg6s=\/768x432\/filters:format(webp):quality(85)\/cloudfront-us-east-1.images.arcpublishing.com\/infobae\/5DPAAGZM3VD67ENAHJDU3OPYDA.jpg 768w,https:\/\/www.infobae.com\/new-resizer\/BvVgJsXo-rSvlfsjWFGXW-5t_Ms=\/992x558\/filters:format(webp):quality(85)\/cloudfront-us-east-1.images.arcpublishing.com\/infobae\/5DPAAGZM3VD67ENAHJDU3OPYDA.jpg 992w,https:\/\/www.infobae.com\/new-resizer\/Nx1YHyvbSNE_HMjDmfx_nyUKE7s=\/1200x675\/filters:format(webp):quality(85)\/cloudfront-us-east-1.images.arcpublishing.com\/infobae\/5DPAAGZM3VD67ENAHJDU3OPYDA.jpg 1200w,https:\/\/www.infobae.com\/new-resizer\/aKWkyC4JS_UBA3gU5jv4Nb9nkws=\/1440x810\/filters:format(webp):quality(85)\/cloudfront-us-east-1.images.arcpublishing.com\/infobae\/5DPAAGZM3VD67ENAHJDU3OPYDA.jpg 1440w\">James Rodr\u00edguez, Luis D\u00edaz y Juan Guillermo Cuadrado, las tres estrellas de Colombia que no participar\u00e1n del Mundial de Qatar<\/p>\n\n\n\n<p>El cierre de las Eliminatorias Sudamericanas confirm\u00f3 la baja de Colombia del Mundial de Qatar. Con esta ausencia, la cita mundialista tampoco contar\u00e1 con las tres grandes estrellas cafeteras. Si bien el equipo de Reinaldo Rueda cumpli\u00f3 con su objetivo de vencer a Venezuela como visitante, no le alcanz\u00f3 para meterse en el Repechaje debido al triunfo de Per\u00fa ante Paraguay.<\/p>\n\n\n\n<p><strong>Arturo Vidal y Alexis S\u00e1nchez<\/strong><img loading=\"lazy\" decoding=\"async\" alt=\"Arturo Vidal y Alexis S\u00e1nchez se lamentan por la derrota ante Uruguay que los dej\u00f3 sin Mundial (REUTERS\/Marcelo Hernandez)\" height=\"1261\" width=\"1929\" class=\"\" src=\"https:\/\/cloudfront-us-east-1.images.arcpublishing.com\/infobae\/MOQXG5TKBVABJP73D63DBVV2B4.jpg\" srcset=\"https:\/\/www.infobae.com\/new-resizer\/AK519lE5NNJHEIMvSbPG-wRBnwY=\/420x280\/filters:format(webp):quality(85)\/cloudfront-us-east-1.images.arcpublishing.com\/infobae\/MOQXG5TKBVABJP73D63DBVV2B4.jpg 420w,https:\/\/www.infobae.com\/new-resizer\/zScdDsJBYULY8bvvoni4ESufZHM=\/768x512\/filters:format(webp):quality(85)\/cloudfront-us-east-1.images.arcpublishing.com\/infobae\/MOQXG5TKBVABJP73D63DBVV2B4.jpg 768w,https:\/\/www.infobae.com\/new-resizer\/uG7S7NtJUZuRWhojgqzWrzYpHtA=\/992x661\/filters:format(webp):quality(85)\/cloudfront-us-east-1.images.arcpublishing.com\/infobae\/MOQXG5TKBVABJP73D63DBVV2B4.jpg 992w,https:\/\/www.infobae.com\/new-resizer\/5Aokjt26OAwdpITsjqoHUsqyXDo=\/1200x800\/filters:format(webp):quality(85)\/cloudfront-us-east-1.images.arcpublishing.com\/infobae\/MOQXG5TKBVABJP73D63DBVV2B4.jpg 1200w,https:\/\/www.infobae.com\/new-resizer\/dpGj6SAGGGwyFl1mxnfXzSxziuM=\/1440x960\/filters:format(webp):quality(85)\/cloudfront-us-east-1.images.arcpublishing.com\/infobae\/MOQXG5TKBVABJP73D63DBVV2B4.jpg 1440w\">Arturo Vidal y Alexis S\u00e1nchez se lamentan por la derrota ante Uruguay que los dej\u00f3 sin Mundial (REUTERS\/Marcelo Hernandez)<\/p>\n\n\n\n<p>Un caso similar al de Colombia ocurri\u00f3 con Chile, que lleg\u00f3 con chances de clasificarse al Repechaje mundialista. Sin embargo, en la \u00faltima fecha por las Eliminatorias Sudamericanas no pudo vencer a Uruguay (cay\u00f3 como local 2-0), aunque tampoco le hubiese alcanzado debido a los triunfos de Colombia y Per\u00fa. Arturo Vidal y Alexi S\u00e1nchez tampoco podr\u00e1n engalanar con su presencia la Copa del Mundo de Qatar.<\/p>\n\n\n\n<p><strong>Jorginho<\/strong><img loading=\"lazy\" decoding=\"async\" alt=\"Jorginho fue uno de los futbolistas m\u00e1s destacados de la \u00faltima temporada (Foto: Reuters)\" height=\"586\" width=\"800\" class=\"\" src=\"https:\/\/cloudfront-us-east-1.images.arcpublishing.com\/infobae\/66VIMMEZXP6EWVC42IC3HCDVMQ.jpg\" srcset=\"https:\/\/www.infobae.com\/new-resizer\/8CZHsG_YgLJEwU1nJWl8FikVTDg=\/420x315\/filters:format(webp):quality(85)\/cloudfront-us-east-1.images.arcpublishing.com\/infobae\/66VIMMEZXP6EWVC42IC3HCDVMQ.jpg 420w,https:\/\/www.infobae.com\/new-resizer\/vaS_w35t9IqNPFtW4EWmrTIu8CA=\/768x576\/filters:format(webp):quality(85)\/cloudfront-us-east-1.images.arcpublishing.com\/infobae\/66VIMMEZXP6EWVC42IC3HCDVMQ.jpg 768w,https:\/\/www.infobae.com\/new-resizer\/antfqdQLAg-TtWUkDMAlLaRuXb4=\/992x744\/filters:format(webp):quality(85)\/cloudfront-us-east-1.images.arcpublishing.com\/infobae\/66VIMMEZXP6EWVC42IC3HCDVMQ.jpg 992w,https:\/\/www.infobae.com\/new-resizer\/eMw7fqikpB-o_YLi7yCbHDyyJS0=\/1200x900\/filters:format(webp):quality(85)\/cloudfront-us-east-1.images.arcpublishing.com\/infobae\/66VIMMEZXP6EWVC42IC3HCDVMQ.jpg 1200w,https:\/\/www.infobae.com\/new-resizer\/4WGaOqsatUcGATi8wpUCJ9avnRY=\/1440x1080\/filters:format(webp):quality(85)\/cloudfront-us-east-1.images.arcpublishing.com\/infobae\/66VIMMEZXP6EWVC42IC3HCDVMQ.jpg 1440w\">Jorginho fue uno de los futbolistas m\u00e1s destacados de la \u00faltima temporada (Foto: Reuters)<\/p>\n\n\n\n<p>El mediocampista italo-brasile\u00f1o protagoniz\u00f3 un 2021 fant\u00e1stico en el que<strong>&nbsp;se consagr\u00f3 campe\u00f3n tanto a nivel clubes como de selecciones&nbsp;<\/strong>al alzarse con la Champions League despu\u00e9s de vencer con el Chelsea al Manchester City en la final, y superar a Inglaterra en Wembley con Italia en el \u00faltimo partido de la Eurocopa. Esos t\u00edtulos y sus participaciones le sirvieron para ser uno de los candidatos a luchar por el Bal\u00f3n de Oro que finalmente qued\u00f3 en manos de Lionel Messi.<\/p>\n","protected":false},"excerpt":{"rendered":"<p>Desde Zlatan Ibrahimovic, que dej\u00f3 pasar su \u00faltima chance, a Erling Haaland, el delantero del futuro, pasando por Marco Verratti,<\/p>\n","protected":false},"author":1,"featured_media":5698,"comment_status":"open","ping_status":"open","sticky":false,"template":"","format":"standard","meta":{"colormag_page_container_layout":"default_layout","colormag_page_sidebar_layout":"default_layout","footnotes":""},"categories":[10,14,8],"tags":[],"class_list":["post-5697","post","type-post","status-publish","format-standard","has-post-thumbnail","hentry","category-sports","category-mundo","category-ultimas-noticias"],"_links":{"self":[{"href":"https:\/\/notipampa.com\/index.php?rest_route=\/wp\/v2\/posts\/5697","targetHints":{"allow":["GET"]}}],"collection":[{"href":"https:\/\/notipampa.com\/index.php?rest_route=\/wp\/v2\/posts"}],"about":[{"href":"https:\/\/notipampa.com\/index.php?rest_route=\/wp\/v2\/types\/post"}],"author":[{"embeddable":true,"href":"https:\/\/notipampa.com\/index.php?rest_route=\/wp\/v2\/users\/1"}],"replies":[{"embeddable":true,"href":"https:\/\/notipampa.com\/index.php?rest_route=%2Fwp%2Fv2%2Fcomments&post=5697"}],"version-history":[{"count":1,"href":"https:\/\/notipampa.com\/index.php?rest_route=\/wp\/v2\/posts\/5697\/revisions"}],"predecessor-version":[{"id":5699,"href":"https:\/\/notipampa.com\/index.php?rest_route=\/wp\/v2\/posts\/5697\/revisions\/5699"}],"wp:featuredmedia":[{"embeddable":true,"href":"https:\/\/notipampa.com\/index.php?rest_route=\/wp\/v2\/media\/5698"}],"wp:attachment":[{"href":"https:\/\/notipampa.com\/index.php?rest_route=%2Fwp%2Fv2%2Fmedia&parent=5697"}],"wp:term":[{"taxonomy":"category","embeddable":true,"href":"https:\/\/notipampa.com\/index.php?rest_route=%2Fwp%2Fv2%2Fcategories&post=5697"},{"taxonomy":"post_tag","embeddable":true,"href":"https:\/\/notipampa.com\/index.php?rest_route=%2Fwp%2Fv2%2Ftags&post=5697"}],"curies":[{"name":"wp","href":"https:\/\/api.w.org\/{rel}","templated":true}]}}