{"id":5690,"date":"2022-03-30T08:41:07","date_gmt":"2022-03-30T11:41:07","guid":{"rendered":"https:\/\/notipampa.com\/?p=5690"},"modified":"2022-03-30T08:41:08","modified_gmt":"2022-03-30T11:41:08","slug":"el-torneo-oficial-de-la-liga-pampeana-comenzara-el-1-de-mayo-dijo-luis-ovin-el-actual-presidente-del-futbol-norteno","status":"publish","type":"post","link":"https:\/\/notipampa.com\/?p=5690","title":{"rendered":"\u201cEl Torneo oficial de la Liga Pampeana comenzar\u00e1 el 1 de Mayo\u201d, dijo Luis Ovin el actual presidente del f\u00fatbol norte\u00f1o"},"content":{"rendered":"\n<p>El nuevo titular de la Liga Pampeana ocup\u00f3 la vicepresidencia durante cinco a\u00f1os y como delegado de Ferro 11. \u201cQuiero darle la mayor participaci\u00f3n a todos los clubes del interior. Que todos se sientan participe de la Liga Pampeana\u201d.<\/p>\n\n\n\n<p>\u201cSe dio en una situaci\u00f3n especial. Los clubes quer\u00edan el cambio de la c\u00fapula de la Liga Pampeana, pero Norberto Cuevas \u2013 ex presidente-, me hizo entender que los clubes quer\u00edan s\u00f3lo el reemplazo de la presidencia y me pidi\u00f3 que continuara y a partir de ah\u00ed consult\u00e9 a delegados de confianza y estos me dieron el apoyo\u201d.<\/p>\n\n\n\n<p>Enseguida comenz\u00f3 a delinear cu\u00e1l ser\u00edan sus caracter\u00edsticas y la impronta que le imprimir\u00e1 a su gesti\u00f3n. \u201cQuiero que todos los clubes se integren totalmente y que est\u00e9n representados todos los clubes del interior\u201d.<\/p>\n\n\n\n<p><strong>\u00bfCu\u00e1les ser\u00e1n los objetivos de trabajo?<br><\/strong>\u201cEspero estar a la altura de las circunstancias. Norberto Cuevas ha dejado la vara muy alta y es todo un compromiso y responsabilidad. La actividad es muy variada e intensa\u201d. Enseguida agreg\u00f3 que \u201cUna de las cosas que me ocupa y preocupa es que todos los clubes tengan el seguro abonado. Es un tema que me desvela y ser\u00e1 clave dentro de mi presidencia\u201d.<\/p>\n\n\n\n<p>En relaci\u00f3n al pr\u00f3ximo torneo Oficial de la Liga Pampeana se\u00f1al\u00f3 que \u201ctendr\u00e1 la caracter\u00edstica que se jugar\u00e1 todos contra todos y comenzar\u00e1 el 1 de Mayo, quince d\u00edas despu\u00e9s que termine el Provincial y deber\u00e1 estar finalizando el 30 de Agosto porque el Consejo Federal del F\u00fatbol nos exige ya que el 1 de Septiembre deber\u00e1n estar el campe\u00f3n y subcampe\u00f3n que participar\u00e1n del Regional Amateur\u201d.<\/p>\n\n\n\n<p>Enseguida agreg\u00f3 \u201cEsto nos implica que habr\u00e1 que jugar partidos entre semana. Y con relaci\u00f3n al Torneo de Primera B, comenzar\u00e1 dos semanas despu\u00e9s con una participaci\u00f3n en principio de 13 equipos\u201d. Cabe recordar que la inscripci\u00f3n para participar de este certamen cierra el pr\u00f3ximo viernes\u201d.<\/p>\n\n\n\n<p>Para cerrar dijo que financieramente la Liga Pampeana est\u00e1 bien. Despu\u00e9s de la Pandemia pudimos recuperar las finanzas de la Liga e insisti\u00f3 en los torneos y su organizaci\u00f3n. \u201cEspero que salgan los m\u00e1s transparentes posibles. Los clubes podr\u00e1n aportar sus ideas y son ellos los que lo organizar\u00e1n\u201d.<\/p>\n\n\n\n<p><\/p>\n\n\n\n<p>Infopico<\/p>\n","protected":false},"excerpt":{"rendered":"<p>El nuevo titular de la Liga Pampeana ocup\u00f3 la vicepresidencia durante cinco a\u00f1os y como delegado de Ferro 11. \u201cQuiero<\/p>\n","protected":false},"author":1,"featured_media":5691,"comment_status":"open","ping_status":"open","sticky":false,"template":"","format":"standard","meta":{"colormag_page_container_layout":"default_layout","colormag_page_sidebar_layout":"default_layout","footnotes":""},"categories":[10,4,8],"tags":[],"class_list":["post-5690","post","type-post","status-publish","format-standard","has-post-thumbnail","hentry","category-sports","category-provincia","category-ultimas-noticias"],"_links":{"self":[{"href":"https:\/\/notipampa.com\/index.php?rest_route=\/wp\/v2\/posts\/5690","targetHints":{"allow":["GET"]}}],"collection":[{"href":"https:\/\/notipampa.com\/index.php?rest_route=\/wp\/v2\/posts"}],"about":[{"href":"https:\/\/notipampa.com\/index.php?rest_route=\/wp\/v2\/types\/post"}],"author":[{"embeddable":true,"href":"https:\/\/notipampa.com\/index.php?rest_route=\/wp\/v2\/users\/1"}],"replies":[{"embeddable":true,"href":"https:\/\/notipampa.com\/index.php?rest_route=%2Fwp%2Fv2%2Fcomments&post=5690"}],"version-history":[{"count":1,"href":"https:\/\/notipampa.com\/index.php?rest_route=\/wp\/v2\/posts\/5690\/revisions"}],"predecessor-version":[{"id":5692,"href":"https:\/\/notipampa.com\/index.php?rest_route=\/wp\/v2\/posts\/5690\/revisions\/5692"}],"wp:featuredmedia":[{"embeddable":true,"href":"https:\/\/notipampa.com\/index.php?rest_route=\/wp\/v2\/media\/5691"}],"wp:attachment":[{"href":"https:\/\/notipampa.com\/index.php?rest_route=%2Fwp%2Fv2%2Fmedia&parent=5690"}],"wp:term":[{"taxonomy":"category","embeddable":true,"href":"https:\/\/notipampa.com\/index.php?rest_route=%2Fwp%2Fv2%2Fcategories&post=5690"},{"taxonomy":"post_tag","embeddable":true,"href":"https:\/\/notipampa.com\/index.php?rest_route=%2Fwp%2Fv2%2Ftags&post=5690"}],"curies":[{"name":"wp","href":"https:\/\/api.w.org\/{rel}","templated":true}]}}