{"id":5509,"date":"2022-03-15T09:32:04","date_gmt":"2022-03-15T12:32:04","guid":{"rendered":"https:\/\/notipampa.com\/?p=5509"},"modified":"2022-03-15T09:32:05","modified_gmt":"2022-03-15T12:32:05","slug":"fatiga-apatia-e-insomnio-que-es-la-astenia-otonal-y-como-superarla","status":"publish","type":"post","link":"https:\/\/notipampa.com\/?p=5509","title":{"rendered":"Fatiga, apat\u00eda e insomnio: qu\u00e9 es la astenia oto\u00f1al y c\u00f3mo superarla"},"content":{"rendered":"\n<h2 class=\"wp-block-heading\"><strong>Se trata de una serie de s\u00edntomas habituales durante el cambio de estaci\u00f3n. Cu\u00e1les son las causas y cu\u00e1ndo consultar al m\u00e9dico<\/strong><\/h2>\n\n\n\n<p>En esta \u00e9poca del a\u00f1o, nuestro organismo&nbsp;<mark>acusa recibo del cambio de temperatura y de estaci\u00f3n y aparece la<strong>&nbsp;astenia oto\u00f1al.<\/strong><\/mark><\/p>\n\n\n\n<p>Se trata de un estado de&nbsp;<mark>cansancio, apat\u00eda, debilidad y agotamiento<\/mark>&nbsp;(que aumenta debido a lo vivido en el contexto de pandemia, que a\u00fan contin\u00faa) y<mark>&nbsp;surge como consecuencia de una falta de adaptaci\u00f3n o dificultades que presenta el organismo para acomodarse a los cambios estacionales<\/mark>. Se manifiesta con cierta&nbsp;<strong>fatiga corporal, dolores musculares, irascibilidad, y tendencia a la presi\u00f3n baja, que se asocia con cefalea.<\/strong><\/p>\n\n\n\n<p>La astenia se produce ante modificaciones horarias y los consiguientes cambios en la rutina cotidiana. Los s\u00edntomas de la astenia oto\u00f1al<strong>&nbsp;no son graves, pero puede afectar la calidad de vida,<\/strong>&nbsp;y son los siguientes:<\/p>\n\n\n\n<p>&#8211;<mark>Baja en el rendimiento acad\u00e9mico, escolar y laboral<\/mark>, consecuencia de alteraciones cognitivas.<\/p>\n\n\n\n<p>-Disminuci\u00f3n de la energ\u00eda y la motivaci\u00f3n.<\/p>\n\n\n\n<p>&#8211;<mark>Alteraciones en el estado de \u00e1nimo<\/mark>: cansancio, tristeza, apat\u00eda, falta de inter\u00e9s, irritabilidad.<\/p>\n\n\n\n<p>-Falta o exceso de apetito.<\/p>\n\n\n\n<p>-Disminuci\u00f3n de la libido.<\/p>\n\n\n\n<p>-Dificultad para conciliar el sue\u00f1o.<\/p>\n\n\n\n<p><mark>Se trata de una sintomatolog\u00eda transitoria, que va desapareciendo de a poco con la adaptaci\u00f3n<\/mark>; no es grave, pero<strong>&nbsp;podemos sentirnos d\u00e9biles y hasta incluso \u201craros\u201d<\/strong>. Muchas veces se deben tomar medidas tanto para prevenir como para transitar y superar r\u00e1pidamente los s\u00edntomas.<\/p>\n\n\n\n<p>En oto\u00f1o, las ma\u00f1anas y las noches son m\u00e1s frescas; el d\u00eda es m\u00e1s corto y hay m\u00e1s humedad ambiental. Esto trae algunas consecuencias:<\/p>\n\n\n\n<p>&#8211;<strong>Se adelanta la producci\u00f3n de melatonina<\/strong>, que es la hormona que regula el ciclo circadiano.<\/p>\n\n\n\n<p>-Disminuye la producci\u00f3n de serotonina (neurotransmisor conocido como \u201chormona de la felicidad\u201d).<\/p>\n\n\n\n<p>-Aparece un desequilibrio en el organismo,&nbsp;<mark>hay un disbalance y el cuerpo debe adaptarse a estas circunstancias (de all\u00ed esta sensaci\u00f3n de sentirnos \u201craros\u201d).<\/mark><\/p>\n\n\n\n<p>A estos s\u00edntomas y alteraciones se le deben sumar las enfermedades propias de la estaci\u00f3n<mark><strong>: resfr\u00edos, alergias, gripe y, ahora, el COVID-19.<\/strong><\/mark><\/p>\n\n\n\n<p><strong>Ante esta situaci\u00f3n, se recomienda:<\/strong><img fetchpriority=\"high\" decoding=\"async\" alt=\"Entre los s\u00edntomas aparece la disminuci\u00f3n de la energ\u00eda y la motivaci\u00f3n, alteraciones en el estado de \u00e1nimo: cansancio, tristeza, apat\u00eda, falta de inter\u00e9s, irritabilidad (Foto: Christin Klose\/dpa)\" src=\"https:\/\/www.infobae.com\/new-resizer\/p1sZc4aQmF_LULUXerDFVrmbzbs=\/420x280\/filters:format(webp):quality(85)\/cloudfront-us-east-1.images.arcpublishing.com\/infobae\/AEAU6DWCLVECZMFX4GR6UEHEVQ.jpg%20420w\" height=\"1365\" width=\"2048\" srcset=\"https:\/\/www.infobae.com\/new-resizer\/p1sZc4aQmF_LULUXerDFVrmbzbs=\/420x280\/filters:format(webp):quality(85)\/cloudfront-us-east-1.images.arcpublishing.com\/infobae\/AEAU6DWCLVECZMFX4GR6UEHEVQ.jpg 420w,https:\/\/www.infobae.com\/new-resizer\/hFB1VwU67kl3m8sONwTJrNcFR88=\/768x512\/filters:format(webp):quality(85)\/cloudfront-us-east-1.images.arcpublishing.com\/infobae\/AEAU6DWCLVECZMFX4GR6UEHEVQ.jpg 768w,https:\/\/www.infobae.com\/new-resizer\/-nYVAtsIjYQ3W3S3VClVwBpwoT0=\/992x661\/filters:format(webp):quality(85)\/cloudfront-us-east-1.images.arcpublishing.com\/infobae\/AEAU6DWCLVECZMFX4GR6UEHEVQ.jpg 992w,https:\/\/www.infobae.com\/new-resizer\/kYJ_bgpnFNWMmk9_hb7Q2Ja9G5I=\/1200x800\/filters:format(webp):quality(85)\/cloudfront-us-east-1.images.arcpublishing.com\/infobae\/AEAU6DWCLVECZMFX4GR6UEHEVQ.jpg 1200w,https:\/\/www.infobae.com\/new-resizer\/90X2S3j5cke0yB7GoJYJPR4ISgw=\/1440x960\/filters:format(webp):quality(85)\/cloudfront-us-east-1.images.arcpublishing.com\/infobae\/AEAU6DWCLVECZMFX4GR6UEHEVQ.jpg 1440w\">Entre los s\u00edntomas aparece la disminuci\u00f3n de la energ\u00eda y la motivaci\u00f3n, alteraciones en el estado de \u00e1nimo: cansancio, tristeza, apat\u00eda, falta de inter\u00e9s, irritabilidad (Foto: Christin Klose\/dpa)<\/p>\n\n\n\n<p><mark>-Dieta equilibrada:<\/mark>&nbsp;moderada en prote\u00ednas y con bajo contenido de az\u00facares, sodio y grasas saturadas.<\/p>\n\n\n\n<p>&#8211;<mark>Controlar el consumo de alcohol y de cafe\u00edna.<\/mark><\/p>\n\n\n\n<p>-Cumplir con&nbsp;<mark>8 horas de sue\u00f1o&nbsp;<\/mark>y adelantar el horario para acostarse a la noche.<\/p>\n\n\n\n<p>&#8211;<mark>Evitar la exposici\u00f3n a las pantallas antes de irse a dormir.<\/mark><\/p>\n\n\n\n<p>-Cenar liviano<\/p>\n\n\n\n<p>-Aprovechar al m\u00e1ximo las horas de luz natural.<\/p>\n\n\n\n<p>-Realizar&nbsp;<mark>actividad f\u00edsica,<\/mark>&nbsp;para aumentar la secreci\u00f3n de endorfinas, y as\u00ed aumentar la sensaci\u00f3n de bienestar y mejorar el estado de \u00e1nimo.<\/p>\n\n\n\n<p>&#8211;<mark>Mantener una buena hidrataci\u00f3n.<\/mark><\/p>\n\n\n\n<p><mark>La astenia oto\u00f1al no necesita de medicaci\u00f3n, no se indica tratamiento farmacol\u00f3gico.<\/mark><img decoding=\"async\" alt=\"La astenia oto\u00f1al no necesita de medicaci\u00f3n, no se indica tratamiento farmacol\u00f3gico (Getty Images)\" src=\"https:\/\/www.infobae.com\/new-resizer\/4rJFeHlsV2IM1b0sjJhhN05Y5Mw=\/420x236\/filters:format(webp):quality(85)\/cloudfront-us-east-1.images.arcpublishing.com\/infobae\/TJMHCVMLXRFORJIXNMVAWG4D5U.jpg%20420w\" height=\"1080\" width=\"1920\" srcset=\"https:\/\/www.infobae.com\/new-resizer\/4rJFeHlsV2IM1b0sjJhhN05Y5Mw=\/420x236\/filters:format(webp):quality(85)\/cloudfront-us-east-1.images.arcpublishing.com\/infobae\/TJMHCVMLXRFORJIXNMVAWG4D5U.jpg 420w,https:\/\/www.infobae.com\/new-resizer\/dtq87f2OF7Ln4TUiVV2Qlvkw8wU=\/768x432\/filters:format(webp):quality(85)\/cloudfront-us-east-1.images.arcpublishing.com\/infobae\/TJMHCVMLXRFORJIXNMVAWG4D5U.jpg 768w,https:\/\/www.infobae.com\/new-resizer\/VcNEW6Cth5S1xYVW5k-ESh_mQ3o=\/992x558\/filters:format(webp):quality(85)\/cloudfront-us-east-1.images.arcpublishing.com\/infobae\/TJMHCVMLXRFORJIXNMVAWG4D5U.jpg 992w,https:\/\/www.infobae.com\/new-resizer\/zpntBtNEf4Y31Csxb91kmlG9I4Q=\/1200x675\/filters:format(webp):quality(85)\/cloudfront-us-east-1.images.arcpublishing.com\/infobae\/TJMHCVMLXRFORJIXNMVAWG4D5U.jpg 1200w,https:\/\/www.infobae.com\/new-resizer\/VkgMyVxe1pu40XHbGCaqrW_Wuuc=\/1440x810\/filters:format(webp):quality(85)\/cloudfront-us-east-1.images.arcpublishing.com\/infobae\/TJMHCVMLXRFORJIXNMVAWG4D5U.jpg 1440w\">La astenia oto\u00f1al no necesita de medicaci\u00f3n, no se indica tratamiento farmacol\u00f3gico (Getty Images)<\/p>\n\n\n\n<p><strong>Es muy importante realizar el diagn\u00f3stico diferencial con el trastorno afectivo estacional,&nbsp;<\/strong>en el cual el paciente ya tiene diagn\u00f3stico de depresi\u00f3n y se le asocian los cambios estacionales.<\/p>\n\n\n\n<p>Lo importante, como siempre, es consultar al m\u00e9dico para un correcto diagn\u00f3stico y manejo de estos cuadros.<\/p>\n","protected":false},"excerpt":{"rendered":"<p>Se trata de una serie de s\u00edntomas habituales durante el cambio de estaci\u00f3n. Cu\u00e1les son las causas y cu\u00e1ndo consultar<\/p>\n","protected":false},"author":1,"featured_media":5510,"comment_status":"open","ping_status":"open","sticky":false,"template":"","format":"standard","meta":{"colormag_page_container_layout":"default_layout","colormag_page_sidebar_layout":"default_layout","footnotes":""},"categories":[53,8],"tags":[],"class_list":["post-5509","post","type-post","status-publish","format-standard","has-post-thumbnail","hentry","category-salud","category-ultimas-noticias"],"_links":{"self":[{"href":"https:\/\/notipampa.com\/index.php?rest_route=\/wp\/v2\/posts\/5509","targetHints":{"allow":["GET"]}}],"collection":[{"href":"https:\/\/notipampa.com\/index.php?rest_route=\/wp\/v2\/posts"}],"about":[{"href":"https:\/\/notipampa.com\/index.php?rest_route=\/wp\/v2\/types\/post"}],"author":[{"embeddable":true,"href":"https:\/\/notipampa.com\/index.php?rest_route=\/wp\/v2\/users\/1"}],"replies":[{"embeddable":true,"href":"https:\/\/notipampa.com\/index.php?rest_route=%2Fwp%2Fv2%2Fcomments&post=5509"}],"version-history":[{"count":1,"href":"https:\/\/notipampa.com\/index.php?rest_route=\/wp\/v2\/posts\/5509\/revisions"}],"predecessor-version":[{"id":5511,"href":"https:\/\/notipampa.com\/index.php?rest_route=\/wp\/v2\/posts\/5509\/revisions\/5511"}],"wp:featuredmedia":[{"embeddable":true,"href":"https:\/\/notipampa.com\/index.php?rest_route=\/wp\/v2\/media\/5510"}],"wp:attachment":[{"href":"https:\/\/notipampa.com\/index.php?rest_route=%2Fwp%2Fv2%2Fmedia&parent=5509"}],"wp:term":[{"taxonomy":"category","embeddable":true,"href":"https:\/\/notipampa.com\/index.php?rest_route=%2Fwp%2Fv2%2Fcategories&post=5509"},{"taxonomy":"post_tag","embeddable":true,"href":"https:\/\/notipampa.com\/index.php?rest_route=%2Fwp%2Fv2%2Ftags&post=5509"}],"curies":[{"name":"wp","href":"https:\/\/api.w.org\/{rel}","templated":true}]}}