{"id":5503,"date":"2022-03-15T09:09:41","date_gmt":"2022-03-15T12:09:41","guid":{"rendered":"https:\/\/notipampa.com\/?p=5503"},"modified":"2022-03-15T09:09:42","modified_gmt":"2022-03-15T12:09:42","slug":"verna-2023-otra-reunion-y-ya-hablan-de-una-candidatura%ef%bf%bc","status":"publish","type":"post","link":"https:\/\/notipampa.com\/?p=5503","title":{"rendered":"\u00bfVerna 2023? Otra reuni\u00f3n y ya hablan de una candidatura\ufffc"},"content":{"rendered":"\n<p>El ex gobernador Carlos Verna encabez\u00f3 este lunes una nueva cumbre con dirigentes de la L\u00ednea Plural. Adem\u00e1s de los legisladores provinciales, se sumaron a la mesa la intendenta de General Pico, Fernanda Alonso, el diputado nacional, Hern\u00e1n P\u00e9rez Araujo, y el ex senador y actual secretario general del CEC piquense, Daniel Lovera. Pese a que se mantiene en silencio, desde el entorno que participa de las reuniones ya se habla de posible candidatura en 2023.<\/p>\n\n\n\n<p>El ex mandatario aceler\u00f3 la realizaci\u00f3n de los encuentros pol\u00edticos y, a tan solo seis d\u00edas de irrumpir en la escena p\u00fablica, volvi\u00f3 a mostrarse en la mesa con las y los dirigentes de la l\u00ednea que conduce. En la oficina de la calle 105 reuni\u00f3 a los diputados Mar\u00eda Silvia Larreta (de Rancul) y Alicia Susana Mayoral (de General Pico) y los legisladores Julio C\u00e9sar Gonz\u00e1lez (Eduardo Castex), Rodolfo Calvo (Quem\u00fa Quem\u00fa) y Oscar Alberto Zanoli (Ingeniero Luiggi). En esta oportunidad sum\u00f3 a Lovera, P\u00e9rez Araujo y Alonso.<\/p>\n\n\n\n<p>Seg\u00fan las versiones que llegan desde el entorno del vernismo, en esas reuniones ya se habla de una candidatura para el pr\u00f3ximo a\u00f1o, donde se disputar\u00e1 la gobernaci\u00f3n. A su vez, sostienen que las encuestas que circulan &#8220;lo avalan&#8221;.<\/p>\n\n\n\n<p><strong>Los detalles.<\/strong><\/p>\n\n\n\n<p>El encuentro comenz\u00f3 sobre las 17 y fue celebrado por los presentes. &#8220;Que alegr\u00eda volvernos a reunir en la 14, un muy buen encuentro de compa\u00f1eras y compa\u00f1eros&#8221;, public\u00f3 la intendenta piquense en sus redes sociales. Con un mensaje similar se expres\u00f3 P\u00e9rez Araujo.<\/p>\n\n\n\n<p>Lovera destac\u00f3 que &#8220;la posibilidad de reencontrarnos es la mejor forma de honrar la pol\u00edtica. Es importante que cada sector del peronismo sea capaz de aportar, desde su territorio, a la recuperaci\u00f3n del ritmo econ\u00f3mico y social de pampeanas y pampeanos&#8221;.<\/p>\n\n\n\n<p>Seg\u00fan se pudo saber, fue similar a la de la semana pasada pero &#8220;ampliada&#8221;. En ese marco, y con un tono distendido, se analiz\u00f3 la realidad pol\u00edtica provincial y nacional con miras al 2023, un a\u00f1o donde habr\u00e1 elecciones. &#8220;Se analiz\u00f3 toda la situaci\u00f3n, que es compleja, y ver qu\u00e9 aportes se puede hacer&#8230; Sobre todo en el plano nacional&#8221;, indicaron fuentes allegadas a los participantes. Tambi\u00e9n se abord\u00f3 &#8220;la realidad de algunas localidades&#8221;, pero en t\u00e9rminos gen\u00e9ricos.<\/p>\n\n\n\n<p>La continuidad de estos encuentros ya hab\u00eda sido adelantada la semana pasada y se espera que contin\u00faen. Por lo pronto, fuentes de la dirigencia piquense deslizaron que la reuni\u00f3n fue a modo de &#8220;reencuentro&#8221; tras la pandemia. A su vez, fue el puntapi\u00e9 para &#8220;refundar la acci\u00f3n en el territorio, que es algo que se vio impedido por la llegada del Covid-19&#8221;.<\/p>\n\n\n\n<p>&#8220;&#8216;Ac\u00e1 estoy, ac\u00e1 estamos&#8217; es el mensaje&#8221;, fue otra de las interpretaciones que se realiz\u00f3 dentro del peronismo sobre estos encuentros. En esa l\u00ednea, las fuentes consultadas entienden que el ex mandatario est\u00e1 sentando &#8220;las bases&#8221; para la pr\u00f3xima etapa y no se descarta que pr\u00f3ximamente haya un encuentro con el gobernador Sergio Ziliotto.<\/p>\n\n\n\n<p><strong>La \u00faltima reuni\u00f3n.<\/strong><\/p>\n\n\n\n<p>Verna irrumpi\u00f3 en la escena pol\u00edtica la semana pasada cuando poste\u00f3 de manera sorpresiva la foto de un encuentro con los y las diputadas de la L\u00ednea Plural. Una de las personas que en aqu\u00e9l momento habl\u00f3 p\u00fablicamente al respecto fue el presidente del bloque del Frejupa, Julio &#8220;Tato&#8221; Gonz\u00e1lez. &#8220;Todos los que estamos en la foto tenemos relaci\u00f3n y hablamos por tel\u00e9fono peri\u00f3dicamente, hoy se dio la particularidad de que nos juntamos presencialmente para seguir charlando de cosas que hablamos telef\u00f3nicamente, para hablar de pol\u00edtica&#8221;, coment\u00f3 tras el c\u00f3nclave.<\/p>\n\n\n\n<p>&#8220;Todos ten\u00edamos ganas de juntarnos, y se dio la circunstancia, la reuni\u00f3n dur\u00f3 m\u00e1s de dos horas. Carlos est\u00e1 muy bien y con ganas de juntarse con nosotros para charlar de muchos temas. Se habl\u00f3 de la realidad pol\u00edtica provincial y nacional, pero todas cosas que se vienen hablando con \u00e9l en forma telef\u00f3nica&#8221;, se\u00f1al\u00f3.<\/p>\n\n\n\n<p>En esa primera reuni\u00f3n &#8220;se analiz\u00f3 la realidad en general, varios temas&#8221;. A su vez, Gonz\u00e1lez anticip\u00f3 lo que iba a ocurrir: &#8220;La idea es seguir junt\u00e1ndonos, esta reuni\u00f3n fue despu\u00e9s de la pandemia, con todos los cuidados posibles, fue un encuentro, pero nunca, ninguno de los que estuvo en la mesa, dej\u00f3 de tener contacto con \u00e9l&#8221;.<\/p>\n\n\n\n<p><\/p>\n\n\n\n<p>La Arena<\/p>\n","protected":false},"excerpt":{"rendered":"<p>El ex gobernador Carlos Verna encabez\u00f3 este lunes una nueva cumbre con dirigentes de la L\u00ednea Plural. Adem\u00e1s de los<\/p>\n","protected":false},"author":1,"featured_media":5504,"comment_status":"open","ping_status":"open","sticky":false,"template":"","format":"standard","meta":{"colormag_page_container_layout":"default_layout","colormag_page_sidebar_layout":"default_layout","footnotes":""},"categories":[4,8],"tags":[],"class_list":["post-5503","post","type-post","status-publish","format-standard","has-post-thumbnail","hentry","category-provincia","category-ultimas-noticias"],"_links":{"self":[{"href":"https:\/\/notipampa.com\/index.php?rest_route=\/wp\/v2\/posts\/5503","targetHints":{"allow":["GET"]}}],"collection":[{"href":"https:\/\/notipampa.com\/index.php?rest_route=\/wp\/v2\/posts"}],"about":[{"href":"https:\/\/notipampa.com\/index.php?rest_route=\/wp\/v2\/types\/post"}],"author":[{"embeddable":true,"href":"https:\/\/notipampa.com\/index.php?rest_route=\/wp\/v2\/users\/1"}],"replies":[{"embeddable":true,"href":"https:\/\/notipampa.com\/index.php?rest_route=%2Fwp%2Fv2%2Fcomments&post=5503"}],"version-history":[{"count":1,"href":"https:\/\/notipampa.com\/index.php?rest_route=\/wp\/v2\/posts\/5503\/revisions"}],"predecessor-version":[{"id":5505,"href":"https:\/\/notipampa.com\/index.php?rest_route=\/wp\/v2\/posts\/5503\/revisions\/5505"}],"wp:featuredmedia":[{"embeddable":true,"href":"https:\/\/notipampa.com\/index.php?rest_route=\/wp\/v2\/media\/5504"}],"wp:attachment":[{"href":"https:\/\/notipampa.com\/index.php?rest_route=%2Fwp%2Fv2%2Fmedia&parent=5503"}],"wp:term":[{"taxonomy":"category","embeddable":true,"href":"https:\/\/notipampa.com\/index.php?rest_route=%2Fwp%2Fv2%2Fcategories&post=5503"},{"taxonomy":"post_tag","embeddable":true,"href":"https:\/\/notipampa.com\/index.php?rest_route=%2Fwp%2Fv2%2Ftags&post=5503"}],"curies":[{"name":"wp","href":"https:\/\/api.w.org\/{rel}","templated":true}]}}