{"id":5421,"date":"2022-03-09T13:52:44","date_gmt":"2022-03-09T16:52:44","guid":{"rendered":"https:\/\/notipampa.com\/?p=5421"},"modified":"2022-03-09T13:52:45","modified_gmt":"2022-03-09T16:52:45","slug":"detuvieron-al-excomisario-dovano-por-una-causa-de-drogas","status":"publish","type":"post","link":"https:\/\/notipampa.com\/?p=5421","title":{"rendered":"Detuvieron al excomisario Dovano por una causa de drogas"},"content":{"rendered":"\n<p><strong>La orden de detenci\u00f3n contra Carlos Dovano fue librada por el juez federal Juan Jos\u00e9 Baric, en el marco de una causa que comenz\u00f3 a investigarse en el a\u00f1o 2018. El ex jefe policial fue detenido en la calle 29, entre 12 y 14.<\/strong><\/p>\n\n\n\n<p>En el marco de una causa por comercializaci\u00f3n de estupefacientes iniciada en la Justicia Federal en el a\u00f1o 2018, la Polic\u00eda pampeana detuvo este martes en Pico al ex comisario inspector Carlos Dovano. El ex jefe policial ya hab\u00eda sido noticia por un espectacular procedimiento que incluy\u00f3 una extensa persecuci\u00f3n y su demora, pero en ese momento logr\u00f3 zafar de las acusaciones.<\/p>\n\n\n\n<p>Alrededor de las 11:30 de la ma\u00f1ana de ayer, efectivos de la Brigada de Investigaciones de la Unidad Regional II, al mando de la comisaria inspectora Vanina Fileni, interceptaron al ex comisario inspector Carlos Dovano en calles del barrio Este, donde lo demoraron sin que el mismo ofreciera resistencia.<\/p>\n\n\n\n<p>La orden de detenci\u00f3n la libr\u00f3 el juez federal Juan Jos\u00e9 Baric, en el marco de una causa que comenz\u00f3 a investigarse en el a\u00f1o 2018. Este martes lo detuvieron en la calle 29 entre 12 y 14.<\/p>\n\n\n\n<p><strong>Persecuci\u00f3n<\/strong><\/p>\n\n\n\n<p>En febrero de 2019 el nombre del exjefe de comisar\u00edas de Pico y la zona fue vinculado al tr\u00e1fico de drogas. Fue investigado por sus pares durante meses y la pesquisa tom\u00f3 estado p\u00fablico a partir de un enorme despliegue policial, que intent\u00f3 atraparlo con droga que supuestamente tra\u00eda desde R\u00edo Cuarto, provincia de C\u00f3rdoba.<\/p>\n\n\n\n<p>Algunos m\u00f3viles policiales, algunos sin identificaci\u00f3n, aguardaron la llegada del comisario inspector sobre una calle de tierra, donde existi\u00f3 una colisi\u00f3n con la camioneta en la que viajaba Dovano y all\u00ed comenz\u00f3 la persecuci\u00f3n que se extendi\u00f3 por algunos kil\u00f3metros, hasta que el ex jefe policial lleg\u00f3 hasta su domicilio y los uniformados irrumpieron detr\u00e1s. En el marco del mismo operativo, otras cinco personas fueron demoradas.<\/p>\n\n\n\n<p>A pesar de las tareas de inteligencias desplegadas desde octubre de 2018, en esa oportunidad la polic\u00eda no pudo secuestrar la coca\u00edna que Dovano se supon\u00eda que trasladaba desde R\u00edo Cuarto.<\/p>\n\n\n\n<p><strong>Pasiva<\/strong><\/p>\n\n\n\n<p>D\u00edas despu\u00e9s, el por entonces jefe de la Polic\u00eda de La Pampa, Roberto Ayala, lleg\u00f3 a Pico para notificar el pase a pasiva de Dovano, por recomendaci\u00f3n de la Fiscal\u00eda de Investigaciones Administrativas (FIA), organismo al que se elev\u00f3 la investigaci\u00f3n contra el jefe policial sospechado.<\/p>\n\n\n\n<p>Al mismo tiempo, Carlos Dovano se present\u00f3 en los Tribunales de Pico y denunci\u00f3 a sus compa\u00f1eros de fuerza por el choque de la camioneta, neg\u00f3 que \u00e9l condujera el veh\u00edculo y asegur\u00f3 que nunca advirti\u00f3 que lo persegu\u00edan polic\u00edas.<\/p>\n\n\n\n<p>Adem\u00e1s, en su declaraci\u00f3n habl\u00f3 de errores en el operativo y, sobre todo, neg\u00f3 cualquier vinculaci\u00f3n con la comercializaci\u00f3n de estupefacientes.<\/p>\n\n\n\n<p><\/p>\n\n\n\n<p>Infotec<\/p>\n\n\n\n<p><a rel=\"noreferrer noopener\" href=\"https:\/\/www.facebook.com\/sharer\/sharer.php?u=https:\/\/infotecrealico.com.ar\/contenido\/43893\/detuvieron-a-un-excomisario-de-pico-por-una-causa-de-drogas\" target=\"_blank\"><\/a><\/p>\n","protected":false},"excerpt":{"rendered":"<p>La orden de detenci\u00f3n contra Carlos Dovano fue librada por el juez federal Juan Jos\u00e9 Baric, en el marco de<\/p>\n","protected":false},"author":1,"featured_media":5422,"comment_status":"open","ping_status":"open","sticky":false,"template":"","format":"standard","meta":{"colormag_page_container_layout":"default_layout","colormag_page_sidebar_layout":"default_layout","footnotes":""},"categories":[56,4,8],"tags":[],"class_list":["post-5421","post","type-post","status-publish","format-standard","has-post-thumbnail","hentry","category-policiales","category-provincia","category-ultimas-noticias"],"_links":{"self":[{"href":"https:\/\/notipampa.com\/index.php?rest_route=\/wp\/v2\/posts\/5421","targetHints":{"allow":["GET"]}}],"collection":[{"href":"https:\/\/notipampa.com\/index.php?rest_route=\/wp\/v2\/posts"}],"about":[{"href":"https:\/\/notipampa.com\/index.php?rest_route=\/wp\/v2\/types\/post"}],"author":[{"embeddable":true,"href":"https:\/\/notipampa.com\/index.php?rest_route=\/wp\/v2\/users\/1"}],"replies":[{"embeddable":true,"href":"https:\/\/notipampa.com\/index.php?rest_route=%2Fwp%2Fv2%2Fcomments&post=5421"}],"version-history":[{"count":1,"href":"https:\/\/notipampa.com\/index.php?rest_route=\/wp\/v2\/posts\/5421\/revisions"}],"predecessor-version":[{"id":5423,"href":"https:\/\/notipampa.com\/index.php?rest_route=\/wp\/v2\/posts\/5421\/revisions\/5423"}],"wp:featuredmedia":[{"embeddable":true,"href":"https:\/\/notipampa.com\/index.php?rest_route=\/wp\/v2\/media\/5422"}],"wp:attachment":[{"href":"https:\/\/notipampa.com\/index.php?rest_route=%2Fwp%2Fv2%2Fmedia&parent=5421"}],"wp:term":[{"taxonomy":"category","embeddable":true,"href":"https:\/\/notipampa.com\/index.php?rest_route=%2Fwp%2Fv2%2Fcategories&post=5421"},{"taxonomy":"post_tag","embeddable":true,"href":"https:\/\/notipampa.com\/index.php?rest_route=%2Fwp%2Fv2%2Ftags&post=5421"}],"curies":[{"name":"wp","href":"https:\/\/api.w.org\/{rel}","templated":true}]}}