{"id":5377,"date":"2022-03-07T12:49:32","date_gmt":"2022-03-07T15:49:32","guid":{"rendered":"https:\/\/notipampa.com\/?p=5377"},"modified":"2022-03-07T12:49:33","modified_gmt":"2022-03-07T15:49:33","slug":"en-alvear-un-hombre-de-37-anos-fue-detenido-por-delito-de-abuso-sexual-a-una-menor-de-edad","status":"publish","type":"post","link":"https:\/\/notipampa.com\/?p=5377","title":{"rendered":"En Alvear un hombre de 37 a\u00f1os fue detenido por delito de abuso sexual a una menor de edad"},"content":{"rendered":"\n<p>Seg\u00fan el informe policial local, una persona de unos 37 a\u00f1os de edad, domiciliado en Intendente Alvear, qued\u00f3 detenido tras ser denunciado por un delito de abuso sexual.<\/p>\n\n\n\n<p>El hecho habr\u00eda ocurrido en esta localidad el d\u00eda s\u00e1bado en horas de la tarde y la damnificada es una menor de edad.<\/p>\n\n\n\n<p>El imputado fue trasladado en horas de la ma\u00f1ana a la cede tribuna licia, donde ser\u00e1 formalizado. Interviene en la causa EL Dr. Luciano REVECCHI, de la fiscal\u00eda de Genero de la ciudad de General Pico.-\u00a0 \u00a0<\/p>\n","protected":false},"excerpt":{"rendered":"<p>Seg\u00fan el informe policial local, una persona de unos 37 a\u00f1os de edad, domiciliado en Intendente Alvear, qued\u00f3 detenido tras<\/p>\n","protected":false},"author":1,"featured_media":5378,"comment_status":"open","ping_status":"open","sticky":false,"template":"","format":"standard","meta":{"colormag_page_container_layout":"default_layout","colormag_page_sidebar_layout":"default_layout","footnotes":""},"categories":[6,56,8],"tags":[],"class_list":["post-5377","post","type-post","status-publish","format-standard","has-post-thumbnail","hentry","category-locales","category-policiales","category-ultimas-noticias"],"_links":{"self":[{"href":"https:\/\/notipampa.com\/index.php?rest_route=\/wp\/v2\/posts\/5377","targetHints":{"allow":["GET"]}}],"collection":[{"href":"https:\/\/notipampa.com\/index.php?rest_route=\/wp\/v2\/posts"}],"about":[{"href":"https:\/\/notipampa.com\/index.php?rest_route=\/wp\/v2\/types\/post"}],"author":[{"embeddable":true,"href":"https:\/\/notipampa.com\/index.php?rest_route=\/wp\/v2\/users\/1"}],"replies":[{"embeddable":true,"href":"https:\/\/notipampa.com\/index.php?rest_route=%2Fwp%2Fv2%2Fcomments&post=5377"}],"version-history":[{"count":1,"href":"https:\/\/notipampa.com\/index.php?rest_route=\/wp\/v2\/posts\/5377\/revisions"}],"predecessor-version":[{"id":5379,"href":"https:\/\/notipampa.com\/index.php?rest_route=\/wp\/v2\/posts\/5377\/revisions\/5379"}],"wp:featuredmedia":[{"embeddable":true,"href":"https:\/\/notipampa.com\/index.php?rest_route=\/wp\/v2\/media\/5378"}],"wp:attachment":[{"href":"https:\/\/notipampa.com\/index.php?rest_route=%2Fwp%2Fv2%2Fmedia&parent=5377"}],"wp:term":[{"taxonomy":"category","embeddable":true,"href":"https:\/\/notipampa.com\/index.php?rest_route=%2Fwp%2Fv2%2Fcategories&post=5377"},{"taxonomy":"post_tag","embeddable":true,"href":"https:\/\/notipampa.com\/index.php?rest_route=%2Fwp%2Fv2%2Ftags&post=5377"}],"curies":[{"name":"wp","href":"https:\/\/api.w.org\/{rel}","templated":true}]}}