{"id":5331,"date":"2022-03-04T11:10:37","date_gmt":"2022-03-04T14:10:37","guid":{"rendered":"https:\/\/notipampa.com\/?p=5331"},"modified":"2022-03-04T11:10:38","modified_gmt":"2022-03-04T14:10:38","slug":"se-presento-la-temporada-de-avistaje-de-ciervos-en-brama-2022","status":"publish","type":"post","link":"https:\/\/notipampa.com\/?p=5331","title":{"rendered":"Se present\u00f3 la Temporada de Avistaje de Ciervos en Brama 2022"},"content":{"rendered":"\n<p><strong>La Secretar\u00eda de Turismo y la Casa de La Pampa presentaron en Buenos Aires la Temporada de Avistaje de Ciervos en Brama 2022, que tendr\u00e1 lugar en los meses de marzo y abril en la Reserva Provincial Parque Luro.<\/strong><\/p>\n\n\n\n<p>El evento se llev\u00f3 a cabo en Bajos del Barolo, un espacio de eventos y exposiciones ubicado en el subsuelo del emblem\u00e1tico Palacio Barolo, en Avenida&nbsp;de Mayo 1300.<\/p>\n\n\n\n<p>Estuvieron presentes la subsecretaria de Desarrollo Tur\u00edstico, Florencia Stefanazzi; el director de la Reserva Provincial Parque Luro, Horacio Riesco; el director de Casa de La Pampa, Pablo Rubio; y la directora de Producciones Artesanales, Andrea Pombar.<\/p>\n\n\n\n<p>Los meses de marzo y abril son testigos de un espect\u00e1culo \u00fanico La Pampa: la brama del ciervo colorado, momento en que los machos de la manada se disputan las hembras en celo. Las corridas, los bramidos y los enfrentamientos hacen estremecer el bosque de cald\u00e9n y permiten al turista vibrar al ritmo de la naturaleza.<\/p>\n\n\n\n<p>\u201cEl avistaje de ciervos en brama tiene dos salidas diarias: una a las 6 de la ma\u00f1ana y otra a las 18. Son visitas que se hacen con reserva previa. Hay que contactarse con el concesionario de servicios del Parque Luro en<a href=\"http:\/\/www.churrinche.com.ar\/\" target=\"_blank\" rel=\"noopener\">&nbsp;<\/a><a href=\"http:\/\/www.churrinche.com.ar\/\" target=\"_blank\" rel=\"noopener\">www.churrinche.com.ar<\/a>&nbsp;y reservar, porque las excursiones se realizan en grupos de hasta 20 personas. El costo es de 1700 pesos y se puede combinar con el resto de actividades del parque\u201d, explic\u00f3 Riesco.<\/p>\n\n\n\n<p>La reserva se encuentra a 35 kil\u00f3metros de la ciudad de Santa Rosa y -adem\u00e1s del avistaje de ciervos, aves y otras especies- cuenta con atractivos como la visita guiada al Castillo, un museo de carruajes, \u00e1rea de juegos y recreaci\u00f3n, camping, proveedur\u00eda, restaurante y un parque cervecero.<\/p>\n\n\n\n<p>El Parque Luro tiene una extensi\u00f3n de 7.600 hect\u00e1reas y cuenta actualmente con alrededor de 800 ejemplares. El ciervo colorado fue introducido en La Pampa junto al jabal\u00ed en 1907 por Pedro Olegario Luro, con el objetivo de crear un coto de caza.<\/p>\n\n\n\n<p>Por su parte, Florencia Stefanazzi asegur\u00f3 que \u201cSanta Rosa tiene todos los servicios que busca el turista post-pandemia, como son los espacios abiertos, que conjugan ciudad y naturaleza. Es una ciudad nueva, con mucha arquitectura moderna, el Centro C\u00edvico y toda la obra de Clorindo Testa. Es un destino que se est\u00e1 fortaleciendo en sus servicios tur\u00edsticos con hoteles de alta categor\u00eda, gastronom\u00eda gourmet, con platos de autor y chefs reconocidos a nivel nacional, turismo relax y spa, el Casino y turismo enol\u00f3gico con visitas a la Bodega Quietud, que es la primera bodega tur\u00edstica de la Provincia\u201d, a\u00f1adi\u00f3.<\/p>\n\n\n\n<p>Asimismo, la subsecretaria de Desarrollo Tur\u00edstico destac\u00f3 otros productos como la Red de Antiguos Almacenes de Ramos Generales, las salinas, el turismo rural, circuitos en zonas petroleras, Pueblos con Misterio, el Camino de las Artesan\u00edas del Oeste Pampeano y las rutas del vino.<\/p>\n\n\n\n<p>Durante el evento, que cont\u00f3 con la participaci\u00f3n de distintos medios de prensa nacionales, se remarc\u00f3 el compromiso y la convicci\u00f3n de la Secretar\u00eda de Turismo provincial &#8220;de practicar un turismo responsable y sostenible en la brama y en toda la oferta tur\u00edstica pampeana&#8221;.<\/p>\n\n\n\n<figure class=\"wp-block-image size-full is-resized\"><img fetchpriority=\"high\" decoding=\"async\" src=\"https:\/\/notipampa.com\/wp-content\/uploads\/2022\/03\/165691_img_9779jpg1.jpg\" alt=\"\" class=\"wp-image-5332\" width=\"1035\" height=\"690\" srcset=\"https:\/\/notipampa.com\/wp-content\/uploads\/2022\/03\/165691_img_9779jpg1.jpg 1000w, https:\/\/notipampa.com\/wp-content\/uploads\/2022\/03\/165691_img_9779jpg1-300x200.jpg 300w, https:\/\/notipampa.com\/wp-content\/uploads\/2022\/03\/165691_img_9779jpg1-768x512.jpg 768w\" sizes=\"(max-width: 1035px) 100vw, 1035px\" \/><\/figure>\n","protected":false},"excerpt":{"rendered":"<p>La Secretar\u00eda de Turismo y la Casa de La Pampa presentaron en Buenos Aires la Temporada de Avistaje de Ciervos<\/p>\n","protected":false},"author":1,"featured_media":5333,"comment_status":"open","ping_status":"open","sticky":false,"template":"","format":"standard","meta":{"colormag_page_container_layout":"default_layout","colormag_page_sidebar_layout":"default_layout","footnotes":""},"categories":[4,8],"tags":[],"class_list":["post-5331","post","type-post","status-publish","format-standard","has-post-thumbnail","hentry","category-provincia","category-ultimas-noticias"],"_links":{"self":[{"href":"https:\/\/notipampa.com\/index.php?rest_route=\/wp\/v2\/posts\/5331","targetHints":{"allow":["GET"]}}],"collection":[{"href":"https:\/\/notipampa.com\/index.php?rest_route=\/wp\/v2\/posts"}],"about":[{"href":"https:\/\/notipampa.com\/index.php?rest_route=\/wp\/v2\/types\/post"}],"author":[{"embeddable":true,"href":"https:\/\/notipampa.com\/index.php?rest_route=\/wp\/v2\/users\/1"}],"replies":[{"embeddable":true,"href":"https:\/\/notipampa.com\/index.php?rest_route=%2Fwp%2Fv2%2Fcomments&post=5331"}],"version-history":[{"count":1,"href":"https:\/\/notipampa.com\/index.php?rest_route=\/wp\/v2\/posts\/5331\/revisions"}],"predecessor-version":[{"id":5334,"href":"https:\/\/notipampa.com\/index.php?rest_route=\/wp\/v2\/posts\/5331\/revisions\/5334"}],"wp:featuredmedia":[{"embeddable":true,"href":"https:\/\/notipampa.com\/index.php?rest_route=\/wp\/v2\/media\/5333"}],"wp:attachment":[{"href":"https:\/\/notipampa.com\/index.php?rest_route=%2Fwp%2Fv2%2Fmedia&parent=5331"}],"wp:term":[{"taxonomy":"category","embeddable":true,"href":"https:\/\/notipampa.com\/index.php?rest_route=%2Fwp%2Fv2%2Fcategories&post=5331"},{"taxonomy":"post_tag","embeddable":true,"href":"https:\/\/notipampa.com\/index.php?rest_route=%2Fwp%2Fv2%2Ftags&post=5331"}],"curies":[{"name":"wp","href":"https:\/\/api.w.org\/{rel}","templated":true}]}}