{"id":5226,"date":"2022-02-22T09:16:28","date_gmt":"2022-02-22T12:16:28","guid":{"rendered":"https:\/\/notipampa.com\/?p=5226"},"modified":"2022-02-22T09:16:28","modified_gmt":"2022-02-22T12:16:28","slug":"alvear-tres-jovenes-extranjeros-robaron-una-maceta-de-una-estacion-de-servicio","status":"publish","type":"post","link":"https:\/\/notipampa.com\/?p=5226","title":{"rendered":"Alvear: Tres j\u00f3venes extranjeros robaron una maceta de una estaci\u00f3n de servicio"},"content":{"rendered":"\n<p>Seg\u00fan el informe del oficial subinspector Juan Vaigant, a cargo temporalmente de la comisar\u00eda de Alvear, \u201cen las primeras horas del domingo, pasadas las 01:00, se recibi\u00f3 un llamado al 101, de parte de un playero de una estaci\u00f3n de servicios, alertando que un grupo de j\u00f3venes extranjeros que se movilizaban en una Volkswagen Tiguan, hab\u00edan sustra\u00eddo un cantero desde la parte externa del shop.<\/p>\n\n\n\n<p>Ante ello se inici\u00f3 la r\u00e1pida b\u00fasqueda de los sujetos en cuesti\u00f3n, logr\u00e1ndose pocos minutos despu\u00e9s la individualizaci\u00f3n del rodado en un local bailable ubicado a las afueras del radio urbano, a metros de Ruta Provincial N\u00ba 1; dentro del cual yac\u00eda el elemento sustra\u00eddo.<\/p>\n\n\n\n<p>Al mismo tiempo que se procedi\u00f3 a la demora de tres masculinos de alrededor de 20 a\u00f1os, uno de nacionalidad chilena, un segundo escoc\u00e9s y el \u00faltimo ingl\u00e9s. Horas m\u00e1s tarde, los sujetos aludidos hicieron entrega del objeto denunciado, recuperando la libertad acorde lo dispuesto por la Fiscal\u00eda de Delitos Contra la Propiedad&#8221;.<\/p>\n","protected":false},"excerpt":{"rendered":"<p>Seg\u00fan el informe del oficial subinspector Juan Vaigant, a cargo temporalmente de la comisar\u00eda de Alvear, \u201cen las primeras horas<\/p>\n","protected":false},"author":1,"featured_media":5227,"comment_status":"open","ping_status":"open","sticky":false,"template":"","format":"standard","meta":{"colormag_page_container_layout":"default_layout","colormag_page_sidebar_layout":"default_layout","footnotes":""},"categories":[6,56,8],"tags":[],"class_list":["post-5226","post","type-post","status-publish","format-standard","has-post-thumbnail","hentry","category-locales","category-policiales","category-ultimas-noticias"],"_links":{"self":[{"href":"https:\/\/notipampa.com\/index.php?rest_route=\/wp\/v2\/posts\/5226","targetHints":{"allow":["GET"]}}],"collection":[{"href":"https:\/\/notipampa.com\/index.php?rest_route=\/wp\/v2\/posts"}],"about":[{"href":"https:\/\/notipampa.com\/index.php?rest_route=\/wp\/v2\/types\/post"}],"author":[{"embeddable":true,"href":"https:\/\/notipampa.com\/index.php?rest_route=\/wp\/v2\/users\/1"}],"replies":[{"embeddable":true,"href":"https:\/\/notipampa.com\/index.php?rest_route=%2Fwp%2Fv2%2Fcomments&post=5226"}],"version-history":[{"count":1,"href":"https:\/\/notipampa.com\/index.php?rest_route=\/wp\/v2\/posts\/5226\/revisions"}],"predecessor-version":[{"id":5228,"href":"https:\/\/notipampa.com\/index.php?rest_route=\/wp\/v2\/posts\/5226\/revisions\/5228"}],"wp:featuredmedia":[{"embeddable":true,"href":"https:\/\/notipampa.com\/index.php?rest_route=\/wp\/v2\/media\/5227"}],"wp:attachment":[{"href":"https:\/\/notipampa.com\/index.php?rest_route=%2Fwp%2Fv2%2Fmedia&parent=5226"}],"wp:term":[{"taxonomy":"category","embeddable":true,"href":"https:\/\/notipampa.com\/index.php?rest_route=%2Fwp%2Fv2%2Fcategories&post=5226"},{"taxonomy":"post_tag","embeddable":true,"href":"https:\/\/notipampa.com\/index.php?rest_route=%2Fwp%2Fv2%2Ftags&post=5226"}],"curies":[{"name":"wp","href":"https:\/\/api.w.org\/{rel}","templated":true}]}}