{"id":5203,"date":"2022-02-18T09:26:20","date_gmt":"2022-02-18T12:26:20","guid":{"rendered":"https:\/\/notipampa.com\/?p=5203"},"modified":"2022-02-18T09:26:21","modified_gmt":"2022-02-18T12:26:21","slug":"la-conmovedora-foto-de-un-bombero-que-refleja-el-drama-por-los-incendios-en-corrientes","status":"publish","type":"post","link":"https:\/\/notipampa.com\/?p=5203","title":{"rendered":"La conmovedora foto de un bombero que refleja el drama por los incendios en Corrientes"},"content":{"rendered":"\n<p><strong>Hay 20 focos de fuego activos y m\u00e1s de 500 mil hect\u00e1reas afectadas. Contin\u00faa el env\u00edo de ayuda desde distintos distritos<\/strong><\/p>\n\n\n\n<p>Los incendios rurales no dan tregua en&nbsp;<strong>Corrientes<\/strong>. La situaci\u00f3n es desesperante y el fuego ya arras\u00f3 con m\u00e1s de 500 mil hect\u00e1reas. Mientras los equipos combaten las llamas tanto por tierra como por aire, d\u00eda a d\u00eda se van conociendo situaciones e historias que reflejan el drama actual. En las \u00faltimas horas se conoci\u00f3 la conmovedora foto de un bombero en plena lucha contra las llamas.<\/p>\n\n\n\n<p>La imagen fue tomada por Sebasti\u00e1n Toba para la agencia de noticias&nbsp;<em>Reuters<\/em>, el pasado 15 de febrero. En ella se ve al rescatista sentado en una zona de pastizales azotados por la sequ\u00eda. Viste un traje amarillo y cuenta con una manguera y una pala con las que intenta aplacar las llamas.<\/p>\n\n\n\n<p>Lo que impacta es su gesto:&nbsp;<strong>tom\u00e1ndose la cara, cabizbajo, una mezcla de desesperaci\u00f3n, angustia y saturaci\u00f3n frente a la gravedad de los hechos<\/strong>. De fondo una cortina de humo y el cielo de tono sepia que caracteriza a las zonas bajo fuego.<\/p>\n\n\n\n<p>Los principales focos se encuentran especialmente en localidades del noreste y centro de la provincia. El avance afecta plantaciones forestales, bosques nativos, pastizales y zonas de humedales en portales de ingreso a los Esteros del Iber\u00e1. \u201cAlgunos fueron controlados, pero la situaci\u00f3n sigue muy mal y hay focos de gran magnitud que permanecen activos, como el de Paraje Galarza\u201d, manifest\u00f3 el jefe de Operaciones de Defensa Civil,<strong>&nbsp;Orlando Bertoni<\/strong>.<img fetchpriority=\"high\" decoding=\"async\" alt=\"El fuego arras\u00f3 con m\u00e1s de 500 mil hect\u00e1reas en la provincia (REUTERS\/Sebastian Toba)\" src=\"https:\/\/www.infobae.com\/new-resizer\/wbJJwIkEPdVgsxbB3IvmGanFxiI=\/992x606\/filters:format(webp):quality(85)\/cloudfront-us-east-1.images.arcpublishing.com\/infobae\/3GMICNFGGQTULTCE2WGYML4P3I.jpg%20992w\" height=\"2912\" width=\"4707\" srcset=\"https:\/\/www.infobae.com\/new-resizer\/wbJJwIkEPdVgsxbB3IvmGanFxiI=\/992x606\/filters:format(webp):quality(85)\/cloudfront-us-east-1.images.arcpublishing.com\/infobae\/3GMICNFGGQTULTCE2WGYML4P3I.jpg 992w\">El fuego arras\u00f3 con m\u00e1s de 500 mil hect\u00e1reas en la provincia (REUTERS\/Sebastian Toba)<\/p>\n\n\n\n<p>Las zonas m\u00e1s afectadas son&nbsp;<mark>Santo Tom\u00e9, Gobernador Virasoro, Paraje Galarza, Santa Rosa y Mariano I. Loza, Santa Luc\u00eda y Bella Vista<\/mark>. \u201dEn Mariano I. Loza, murieron muchos animales de corral que no pudieron escapar del fuego\u201d, expres\u00f3 el funcionario provincial quien agreg\u00f3 que en Paraje Galarza los bomberos y brigadistas \u201ctrabajan sin pausa\u201d. En dicha zona, hay unas ocho dotaciones de bomberos con aviones hidrantes.<\/p>\n\n\n\n<p>El director de Defensa Civil,&nbsp;<strong>Eulogio Marquez<\/strong>, se\u00f1al\u00f3 que el mapa satelital registr\u00f3 este jueves&nbsp;<mark>\u201cm\u00e1s de 20 focos \u00edgneos<\/mark>\u201d y consider\u00f3 como uno de los m\u00e1s preocupantes el que se desat\u00f3 en el casco urbano de la localidad de Santa Rosa. \u201cLas viviendas fueron amenazadas por las llamas, pero el incendio ya fue controlado\u201d, aclar\u00f3 en di\u00e1logo con radio&nbsp;<em>Sudamericana<\/em>.<\/p>\n\n\n\n<p>Por su parte, el vicepresidente de la Asociaci\u00f3n Plan Estrat\u00e9gico Forestoindustrial de Corrientes (APEFIC),&nbsp;<strong>Juan Ram\u00f3n Sotelo<\/strong>, plante\u00f3 que la situaci\u00f3n es \u201cmuy complicada\u201d. El productor maderero cont\u00f3 que el mi\u00e9rcoles por la noche adem\u00e1s del incendio del aserradero ubicado en Santa Rosa, horas despu\u00e9s, a dos kil\u00f3metros, el fuego se desat\u00f3 en una plantaci\u00f3n forestal.<\/p>\n\n\n\n<p><strong>\u201cNecesitamos con desesperaci\u00f3n que llueva\u201d<\/strong>, agreg\u00f3 Bertoni. \u201dCon una lluvia de 100 mil\u00edmetros, podr\u00edamos descansar\u201d, afirm\u00f3 el jefe de Operaciones de Defensa Civil y agreg\u00f3 que \u201ccon 300 mil\u00edmetros de precipitaciones, a raz\u00f3n de 50 mil\u00edmetros por d\u00eda, la situaci\u00f3n empezar\u00eda a mejorar\u201d.<img decoding=\"async\" alt=\"Impactantes im\u00e1genes de los incendios (REUTERS\/Sebastian Toba)\" src=\"https:\/\/www.infobae.com\/new-resizer\/ep4I9P-t8edDX-J0hp2WwIJle_M=\/992x606\/filters:format(webp):quality(85)\/cloudfront-us-east-1.images.arcpublishing.com\/infobae\/D2CZPRQRDB6IZYYNPGRRUFLGEM.jpg%20992w\" height=\"2250\" width=\"3543\" srcset=\"https:\/\/www.infobae.com\/new-resizer\/ep4I9P-t8edDX-J0hp2WwIJle_M=\/992x606\/filters:format(webp):quality(85)\/cloudfront-us-east-1.images.arcpublishing.com\/infobae\/D2CZPRQRDB6IZYYNPGRRUFLGEM.jpg 992w\">Impactantes im\u00e1genes de los incendios (REUTERS\/Sebastian Toba)<\/p>\n\n\n\n<p>Este jueves, el gobernador de la provincia de Buenos Aires,<strong>&nbsp;Axel Kicillof&nbsp;<\/strong>confirm\u00f3 el env\u00edo de ayuda:&nbsp;<mark>\u201cEnviamos helic\u00f3pteros, veh\u00edculos, autobombas, camiones cisternas y un importante equipo de bomberos y brigadistas de la Provincia para combatir los focos de incendios en Corrientes\u201d<\/mark>.<\/p>\n\n\n\n<p>Bomberos voluntarios de Buenos Aires estaban yendo hacia Corrientes esta madrugada. \u201cEstamos en camino con tres autobombas cisterna, una unidad comando y unidades con transporte de personal, con 54 efectivos que integran el grupo de la brigada forestal de nuestra federaci\u00f3n\u201d, manifest\u00f3&nbsp;<strong>Leonardo Curciarello<\/strong>, jefe de Bomberos de Ensenada, en declaraciones a&nbsp;<em>Todo Noticias.<\/em><\/p>\n\n\n\n<p><strong>Gustavo Vald\u00e9s<\/strong>, el mandatario provincial de Corrientes, declar\u00f3 la emergencia agropecuaria a ra\u00edz de la dram\u00e1tica situaci\u00f3n. El pasado martes, Vald\u00e9s&nbsp;y el ministro de Desarrollo Social de la Naci\u00f3n,&nbsp;<strong>Juan Zabaleta<\/strong>, firmaron un convenio mediante el cual Corrientes \u201crecibir\u00e1 una asistencia no reintegrable de $100 millones en el marco del Estado de Emergencia declarado a ra\u00edz de los incendios que afectan a la provincia\u201d.<\/p>\n\n\n\n<p>Adem\u00e1s de Corrientes, contin\u00faan con focos activos de incendios forestales las provincias de: R\u00edo Negro, Misiones, Chubut y Formosa.<\/p>\n","protected":false},"excerpt":{"rendered":"<p>Hay 20 focos de fuego activos y m\u00e1s de 500 mil hect\u00e1reas afectadas. Contin\u00faa el env\u00edo de ayuda desde distintos<\/p>\n","protected":false},"author":1,"featured_media":5204,"comment_status":"open","ping_status":"open","sticky":false,"template":"","format":"standard","meta":{"colormag_page_container_layout":"default_layout","colormag_page_sidebar_layout":"default_layout","footnotes":""},"categories":[5,8],"tags":[],"class_list":["post-5203","post","type-post","status-publish","format-standard","has-post-thumbnail","hentry","category-nacionales","category-ultimas-noticias"],"_links":{"self":[{"href":"https:\/\/notipampa.com\/index.php?rest_route=\/wp\/v2\/posts\/5203","targetHints":{"allow":["GET"]}}],"collection":[{"href":"https:\/\/notipampa.com\/index.php?rest_route=\/wp\/v2\/posts"}],"about":[{"href":"https:\/\/notipampa.com\/index.php?rest_route=\/wp\/v2\/types\/post"}],"author":[{"embeddable":true,"href":"https:\/\/notipampa.com\/index.php?rest_route=\/wp\/v2\/users\/1"}],"replies":[{"embeddable":true,"href":"https:\/\/notipampa.com\/index.php?rest_route=%2Fwp%2Fv2%2Fcomments&post=5203"}],"version-history":[{"count":1,"href":"https:\/\/notipampa.com\/index.php?rest_route=\/wp\/v2\/posts\/5203\/revisions"}],"predecessor-version":[{"id":5205,"href":"https:\/\/notipampa.com\/index.php?rest_route=\/wp\/v2\/posts\/5203\/revisions\/5205"}],"wp:featuredmedia":[{"embeddable":true,"href":"https:\/\/notipampa.com\/index.php?rest_route=\/wp\/v2\/media\/5204"}],"wp:attachment":[{"href":"https:\/\/notipampa.com\/index.php?rest_route=%2Fwp%2Fv2%2Fmedia&parent=5203"}],"wp:term":[{"taxonomy":"category","embeddable":true,"href":"https:\/\/notipampa.com\/index.php?rest_route=%2Fwp%2Fv2%2Fcategories&post=5203"},{"taxonomy":"post_tag","embeddable":true,"href":"https:\/\/notipampa.com\/index.php?rest_route=%2Fwp%2Fv2%2Ftags&post=5203"}],"curies":[{"name":"wp","href":"https:\/\/api.w.org\/{rel}","templated":true}]}}