{"id":5193,"date":"2022-02-17T11:02:33","date_gmt":"2022-02-17T14:02:33","guid":{"rendered":"https:\/\/notipampa.com\/?p=5193"},"modified":"2022-02-17T11:02:34","modified_gmt":"2022-02-17T14:02:34","slug":"la-diputada-agustina-garcia-pide-informes-al-ministerio-de-salud","status":"publish","type":"post","link":"https:\/\/notipampa.com\/?p=5193","title":{"rendered":"La diputada Agustina Garc\u00eda pide informes al Ministerio de Salud"},"content":{"rendered":"\n<p><strong>La diputada radical Agustina Garc\u00eda<\/strong>&nbsp;refiri\u00f3 a quejas de la comunidad y reclam\u00f3 m\u00e1s y mejor informaci\u00f3n disponible.<\/p>\n\n\n\n<p>La diputada provincial por el bloque Uni\u00f3n C\u00edvica Radical (UCR), Agustina Garc\u00eda, interpel\u00f3 al Ministerio de Salud y le pidi\u00f3 informes sobre el estado, categorizaci\u00f3n y tipolog\u00eda de los establecimientos asistenciales p\u00fablicos de la provincia.<\/p>\n\n\n\n<p>Tambi\u00e9n solicit\u00f3 datos sobre profesionales responsables y el personal a cargo. Garc\u00eda justifica su pedido en el &#8220;derecho a la salud y al acceso a la informaci\u00f3n&#8221;.<\/p>\n\n\n\n<p>La joven legisladora plantea que &#8220;no hay informaci\u00f3n certera ni espec\u00edfica&#8221; en la p\u00e1gina web del Ministerio de Salud. En este sentido remarc\u00f3: \u201cComo funcionarias debemos brindarle a la sociedad informaci\u00f3n clara y garantizar el mejor sistema. Por eso intervenimos en busca de respuestas\u201d.<\/p>\n\n\n\n<p>Record\u00f3 que &#8220;en los \u00faltimos meses diversos hechos involucraron inacciones de establecimientos de salud pampeanos. Debido a estos casos, la ciudadan\u00eda se expres\u00f3 preocupada por la falta de profesionales y la infraestructura&#8221;.<\/p>\n\n\n\n<p>&#8220;Incluso en algunas localidades -a\u00f1adi\u00f3- las y los vecinos deben trasladarse a centros urbanos para ser atendidos\/as, gener\u00e1ndoles gastos econ\u00f3micos e incomodidades innecesarias&#8221;.<\/p>\n\n\n\n<p>\u201cEs visible el deterioro edilicio de los centros asistenciales. Tambi\u00e9n el faltante de personal capacitado y escases de recursos necesarios para casos de emergencias y otras consultas\u201d complet\u00f3 la diputada.<\/p>\n","protected":false},"excerpt":{"rendered":"<p>La diputada radical Agustina Garc\u00eda&nbsp;refiri\u00f3 a quejas de la comunidad y reclam\u00f3 m\u00e1s y mejor informaci\u00f3n disponible. La diputada provincial<\/p>\n","protected":false},"author":1,"featured_media":5194,"comment_status":"open","ping_status":"open","sticky":false,"template":"","format":"standard","meta":{"colormag_page_container_layout":"default_layout","colormag_page_sidebar_layout":"default_layout","footnotes":""},"categories":[7,4,8],"tags":[],"class_list":["post-5193","post","type-post","status-publish","format-standard","has-post-thumbnail","hentry","category-politica","category-provincia","category-ultimas-noticias"],"_links":{"self":[{"href":"https:\/\/notipampa.com\/index.php?rest_route=\/wp\/v2\/posts\/5193","targetHints":{"allow":["GET"]}}],"collection":[{"href":"https:\/\/notipampa.com\/index.php?rest_route=\/wp\/v2\/posts"}],"about":[{"href":"https:\/\/notipampa.com\/index.php?rest_route=\/wp\/v2\/types\/post"}],"author":[{"embeddable":true,"href":"https:\/\/notipampa.com\/index.php?rest_route=\/wp\/v2\/users\/1"}],"replies":[{"embeddable":true,"href":"https:\/\/notipampa.com\/index.php?rest_route=%2Fwp%2Fv2%2Fcomments&post=5193"}],"version-history":[{"count":1,"href":"https:\/\/notipampa.com\/index.php?rest_route=\/wp\/v2\/posts\/5193\/revisions"}],"predecessor-version":[{"id":5195,"href":"https:\/\/notipampa.com\/index.php?rest_route=\/wp\/v2\/posts\/5193\/revisions\/5195"}],"wp:featuredmedia":[{"embeddable":true,"href":"https:\/\/notipampa.com\/index.php?rest_route=\/wp\/v2\/media\/5194"}],"wp:attachment":[{"href":"https:\/\/notipampa.com\/index.php?rest_route=%2Fwp%2Fv2%2Fmedia&parent=5193"}],"wp:term":[{"taxonomy":"category","embeddable":true,"href":"https:\/\/notipampa.com\/index.php?rest_route=%2Fwp%2Fv2%2Fcategories&post=5193"},{"taxonomy":"post_tag","embeddable":true,"href":"https:\/\/notipampa.com\/index.php?rest_route=%2Fwp%2Fv2%2Ftags&post=5193"}],"curies":[{"name":"wp","href":"https:\/\/api.w.org\/{rel}","templated":true}]}}