{"id":5163,"date":"2022-02-15T11:01:31","date_gmt":"2022-02-15T14:01:31","guid":{"rendered":"https:\/\/notipampa.com\/?p=5163"},"modified":"2022-02-15T11:01:31","modified_gmt":"2022-02-15T14:01:31","slug":"caso-lucio-dupuy-cambian-la-caratula-de-la-causa-y-agravan-la-acusacion-al-agregar-ensanamiento-y-alevosia-al-homicidio","status":"publish","type":"post","link":"https:\/\/notipampa.com\/?p=5163","title":{"rendered":"Caso Lucio Dupuy: cambian la caratula de la causa y agravan la acusaci\u00f3n al agregar \u201censa\u00f1amiento\u201d y \u201calevos\u00eda\u201d al homicidio"},"content":{"rendered":"\n<p>Este mi\u00e9rcoles se llevar\u00e1 a cabo una audiencia en el Centro Judicial de Santa Rosa donde la fiscal\u00eda recalificar\u00e1 la acusaci\u00f3n que pesa sobre la madre de Lucio, Magdalena Esp\u00f3sito Valenti (24) y su pareja Abiga\u00edl Pa\u00e9z (27), las dos acusadas del homicidio del peque\u00f1o Lucio Dupuy.<\/p>\n\n\n\n<p>Seg\u00fan se establece en el C\u00f3digo Penal, el ensa\u00f1amiento tiene lugar cuando se aumenta deliberadamente el sufrimiento de la v\u00edctima sin que tal situaci\u00f3n sea necesaria para producir la muerte.<\/p>\n\n\n\n<p>Adem\u00e1s, con las pericias ya presentadas a fines de diciembre del a\u00f1o pasado, se descuenta que tambi\u00e9n pedir\u00e1n que se le agregue la acusaci\u00f3n por abuso.<\/p>\n\n\n\n<p>Anoche lleg\u00f3 a esta redacci\u00f3n un comunicado de parte de la familia Dupuy anunciando una nueva manifestaci\u00f3n que se llevar\u00e1 a cabo en General Pico al finalizar la audiencia donde se recalificar\u00e1 la acusaci\u00f3n.<\/p>\n\n\n\n<p>La misma dec\u00eda:<\/p>\n\n\n\n<p>\u201cLa petici\u00f3n del equipo especializado de fiscales que encabezan la investigaci\u00f3n, se da a raz\u00f3n de las pruebas y otros elementos que se han recabado y analizado desde el d\u00eda del crimen hasta la fecha, y que hacen necesario un cambio de car\u00e1tula en la acusaci\u00f3n para ambas imputadas\u201d, dijo el abuelo.<\/p>\n\n\n\n<p>\u201cTras la citada audiencia, la familia Dupuy considera efectuar una movilizaci\u00f3n social en General Pico. Esto, independientemente de las manifestaciones previstas en distintas ciudades de Argentina, el 25 y 26 de febrero pr\u00f3ximos\u201d, anunci\u00f3 en un comunicado de prensa.<\/p>\n\n\n\n<p><\/p>\n\n\n\n<p>Infopico<\/p>\n","protected":false},"excerpt":{"rendered":"<p>Este mi\u00e9rcoles se llevar\u00e1 a cabo una audiencia en el Centro Judicial de Santa Rosa donde la fiscal\u00eda recalificar\u00e1 la<\/p>\n","protected":false},"author":1,"featured_media":5164,"comment_status":"open","ping_status":"open","sticky":false,"template":"","format":"standard","meta":{"colormag_page_container_layout":"default_layout","colormag_page_sidebar_layout":"default_layout","footnotes":""},"categories":[4,8],"tags":[],"class_list":["post-5163","post","type-post","status-publish","format-standard","has-post-thumbnail","hentry","category-provincia","category-ultimas-noticias"],"_links":{"self":[{"href":"https:\/\/notipampa.com\/index.php?rest_route=\/wp\/v2\/posts\/5163","targetHints":{"allow":["GET"]}}],"collection":[{"href":"https:\/\/notipampa.com\/index.php?rest_route=\/wp\/v2\/posts"}],"about":[{"href":"https:\/\/notipampa.com\/index.php?rest_route=\/wp\/v2\/types\/post"}],"author":[{"embeddable":true,"href":"https:\/\/notipampa.com\/index.php?rest_route=\/wp\/v2\/users\/1"}],"replies":[{"embeddable":true,"href":"https:\/\/notipampa.com\/index.php?rest_route=%2Fwp%2Fv2%2Fcomments&post=5163"}],"version-history":[{"count":1,"href":"https:\/\/notipampa.com\/index.php?rest_route=\/wp\/v2\/posts\/5163\/revisions"}],"predecessor-version":[{"id":5165,"href":"https:\/\/notipampa.com\/index.php?rest_route=\/wp\/v2\/posts\/5163\/revisions\/5165"}],"wp:featuredmedia":[{"embeddable":true,"href":"https:\/\/notipampa.com\/index.php?rest_route=\/wp\/v2\/media\/5164"}],"wp:attachment":[{"href":"https:\/\/notipampa.com\/index.php?rest_route=%2Fwp%2Fv2%2Fmedia&parent=5163"}],"wp:term":[{"taxonomy":"category","embeddable":true,"href":"https:\/\/notipampa.com\/index.php?rest_route=%2Fwp%2Fv2%2Fcategories&post=5163"},{"taxonomy":"post_tag","embeddable":true,"href":"https:\/\/notipampa.com\/index.php?rest_route=%2Fwp%2Fv2%2Ftags&post=5163"}],"curies":[{"name":"wp","href":"https:\/\/api.w.org\/{rel}","templated":true}]}}