{"id":5128,"date":"2022-02-10T13:14:02","date_gmt":"2022-02-10T16:14:02","guid":{"rendered":"https:\/\/notipampa.com\/?p=5128"},"modified":"2022-02-10T13:14:03","modified_gmt":"2022-02-10T16:14:03","slug":"murio-un-motociclista-en-un-nuevo-siniestro-vial-en-la-ruta-35-norte-en-cercanias-de-santa-rosa","status":"publish","type":"post","link":"https:\/\/notipampa.com\/?p=5128","title":{"rendered":"Muri\u00f3 un motociclista en un nuevo siniestro vial en la Ruta 35 Norte en cercan\u00edas de Santa Rosa"},"content":{"rendered":"\n<p>Ocurri\u00f3 alrededor de la 1:30 horas de la madrugada de este jueves, cerca de los denominados &#8220;Silos de Rouco&#8221;. <strong>Ya son 18 las v\u00edctimas fatales en rutas de la provincia en lo que va del a\u00f1o<\/strong>.<\/p>\n\n\n\n<p>Un motociclista perdi\u00f3 la vida durante la madrugada de este jueves durante un nuevo siniestro vial ocurrido sobre la Ruta Nacional 35, en cercan\u00edas de Santa Rosa.<\/p>\n\n\n\n<p>El hecho ocurri\u00f3 alrededor de la 1:30 horas a la altura de los denominados &#8220;Silos de Rouco&#8221; ubicados a unos 20 kil\u00f3metros al norte de la capital pampeana.<\/p>\n\n\n\n<p><strong>&#8220;La moto fue embestida desde atr\u00e1s por una camioneta Toyota Hilux&#8221;<\/strong>, confi\u00f3 una fuente policial.<\/p>\n\n\n\n<p><strong>La v\u00edctima fatal fue identificada como Hugo H\u00e9ctor Ampuero, de 52 a\u00f1os de edad<\/strong>, y hab\u00eda iniciado una traves\u00eda en moto desde la provincia de Jujuy a Tierra del Fuego <strong>a bordo de una Zanella XR 150 cc.<\/strong>.<\/p>\n\n\n\n<figure class=\"wp-block-image\"><img decoding=\"async\" src=\"https:\/\/www.eldiariodelapampa.com.ar\/images\/2022\/febrero_2022\/10-02-2022\/moto-2.jpg\" alt=\"moto 2\"\/><\/figure>\n\n\n\n<p><strong>Al mando de la camioneta, que tambi\u00e9n circulaba de norte a sur, iba Eduardo Josu\u00e9 Scharlovsky, de 33 a\u00f1os, domiciliado en la localidad de Bernascon<\/strong>i. El muchacho tuvo que ser trasladado por una ambulancia al Hospital &#8220;Dr. Lucio Molas&#8221; dado el &#8220;estado de nerviosismo&#8221; que presentaba. Cuando fue dado de alta, lo trasladaron a la Seccional Segunda donde -nuevamente- sufri\u00f3 una descompensaci\u00f3n con un &#8220;fuerte dolor en el pecho&#8221;.<\/p>\n\n\n\n<p>Adem\u00e1s de polic\u00edas de Santa Rosa y Winifreda, en el lugar tambi\u00e9n trabajaron bomberos de la capital pampeana para sofocar el incendio que sufri\u00f3 la motociclista arrollada por la camioneta.\u00a0Adem\u00e1s, se hizo presente la fiscala Selva Paggi, el segundo jefe de la Unidad Regional, Marcelo Calder\u00f3n, el jefe de esta unidad especial comisario mayor Carlos Puifil, y el segundo Jefe de esta unidad especial, comisario Nelson Fontanillo.<\/p>\n\n\n\n<p><\/p>\n\n\n\n<p>El Diario<\/p>\n","protected":false},"excerpt":{"rendered":"<p>Ocurri\u00f3 alrededor de la 1:30 horas de la madrugada de este jueves, cerca de los denominados &#8220;Silos de Rouco&#8221;. Ya<\/p>\n","protected":false},"author":1,"featured_media":5129,"comment_status":"open","ping_status":"open","sticky":false,"template":"","format":"standard","meta":{"colormag_page_container_layout":"default_layout","colormag_page_sidebar_layout":"default_layout","footnotes":""},"categories":[4,8],"tags":[],"class_list":["post-5128","post","type-post","status-publish","format-standard","has-post-thumbnail","hentry","category-provincia","category-ultimas-noticias"],"_links":{"self":[{"href":"https:\/\/notipampa.com\/index.php?rest_route=\/wp\/v2\/posts\/5128","targetHints":{"allow":["GET"]}}],"collection":[{"href":"https:\/\/notipampa.com\/index.php?rest_route=\/wp\/v2\/posts"}],"about":[{"href":"https:\/\/notipampa.com\/index.php?rest_route=\/wp\/v2\/types\/post"}],"author":[{"embeddable":true,"href":"https:\/\/notipampa.com\/index.php?rest_route=\/wp\/v2\/users\/1"}],"replies":[{"embeddable":true,"href":"https:\/\/notipampa.com\/index.php?rest_route=%2Fwp%2Fv2%2Fcomments&post=5128"}],"version-history":[{"count":1,"href":"https:\/\/notipampa.com\/index.php?rest_route=\/wp\/v2\/posts\/5128\/revisions"}],"predecessor-version":[{"id":5130,"href":"https:\/\/notipampa.com\/index.php?rest_route=\/wp\/v2\/posts\/5128\/revisions\/5130"}],"wp:featuredmedia":[{"embeddable":true,"href":"https:\/\/notipampa.com\/index.php?rest_route=\/wp\/v2\/media\/5129"}],"wp:attachment":[{"href":"https:\/\/notipampa.com\/index.php?rest_route=%2Fwp%2Fv2%2Fmedia&parent=5128"}],"wp:term":[{"taxonomy":"category","embeddable":true,"href":"https:\/\/notipampa.com\/index.php?rest_route=%2Fwp%2Fv2%2Fcategories&post=5128"},{"taxonomy":"post_tag","embeddable":true,"href":"https:\/\/notipampa.com\/index.php?rest_route=%2Fwp%2Fv2%2Ftags&post=5128"}],"curies":[{"name":"wp","href":"https:\/\/api.w.org\/{rel}","templated":true}]}}