{"id":5112,"date":"2022-02-09T08:47:46","date_gmt":"2022-02-09T11:47:46","guid":{"rendered":"https:\/\/notipampa.com\/?p=5112"},"modified":"2022-02-09T08:47:47","modified_gmt":"2022-02-09T11:47:47","slug":"censo-2022-contribuira-a-una-mejor-formulacion-de-las-politicas-publicas-basandose-en-informacion-certera-afirmo-ziliotto","status":"publish","type":"post","link":"https:\/\/notipampa.com\/?p=5112","title":{"rendered":"Censo 2022: &#8220;contribuir\u00e1 a una mejor formulaci\u00f3n de las pol\u00edticas p\u00fablicas, bas\u00e1ndose en informaci\u00f3n certera\u201d, afirm\u00f3 Ziliotto"},"content":{"rendered":"\n<p><strong>El gobernador Sergio Ziliotto y el titular del INDEC, Marco Lavagna, encabezaron hoy una reuni\u00f3n del Comit\u00e9 Censal Provincial\u00a0 que se realizar\u00e1 virtualmente entre el 16 de marzo y el 18 de mayo, mientras que este \u00faltimo d\u00eda, los censistas designados, relevar\u00e1n en el territorio<\/strong><\/p>\n\n\n\n<p>Ziliotto valor\u00f3 que los datos estad\u00edsticos permitir\u00e1n \u201cser cada d\u00eda m\u00e1s eficientes en la aplicaci\u00f3n de los fondos p\u00fablicos\u201d y, contribuir\u00e1n a \u201cuna mejor formulaci\u00f3n de las pol\u00edticas p\u00fablicas, bas\u00e1ndose en informaci\u00f3n certera\u201d.\u00a0<br>El encuentro fue encabezado por el mandatario provincial junto al titular del INDEC; la ministra de la Producci\u00f3n, Fernanda Gonz\u00e1lez; la subsecretar\u00eda de Estad\u00edstica y Censo de La Pampa, Laura Biasotti; y el director nacional del Sistema Estad\u00edstico, Pablo Ceballos.<br>La jornada comenz\u00f3 con una reuni\u00f3n de trabajo a la que asistieron funcionarios de las distintas carteras del Poder Ejecutivo e intendentas e intendentes de las localidades cabeceras de las microrregiones pampeanas. En la oportunidad se ofrecieron detalles t\u00e9cnicos y metodol\u00f3gicos sobre el operativo censal y hubo intercambio de consultas y respuestas entre los asistentes y los organizadores. Posteriormente, con la misma metodolog\u00eda, se realiz\u00f3 un encuentro con representantes de asociaciones intermedias con el objetivo de interiorizarlos y concientizarlos sobre la importancia del censo 2022.<br>Ziliotto enfatiz\u00f3 que \u201cen este tiempo, hasta que el 16 marzo arranque el censo virtual y el 18 de mayo se realice el censo presencial, \u00a0los argentinos tenemos que internalizar la importancia de que esta radiograf\u00eda socioecon\u00f3mica del pa\u00eds tenga la mayor certeza, los mejores datos, a partir de mostrar una realidad lo m\u00e1s fidedigna posible, que nos permitir\u00e1 optimizar la formulaci\u00f3n de las pol\u00edticas p\u00fablicas\u201d.<br><strong>Eficiencia en la aplicaci\u00f3n de los fondos p\u00fablicos<\/strong><br>El mandatario destac\u00f3 la importancia de obtener no s\u00f3lo la cantidad, \u201csino la calidad de los datos socioecon\u00f3micos que necesita el Estado para conocer la realidad de cada regi\u00f3n, de cada ciudad y de cada provincia. Esto redunda en un beneficio para el ciudadano de a pie, porque nos permite, a quienes manejamos la cosa p\u00fablica, ser cada d\u00eda m\u00e1s eficientes en la aplicaci\u00f3n de los fondos p\u00fablicos, y deviene en una mejor formulaci\u00f3n de las pol\u00edticas p\u00fablicas, bas\u00e1ndose en informaci\u00f3n certera, planificando sobre datos ciertos\u201d.<br>\u201cEl trabajo al que nos abocamos, y en el que tambi\u00e9n planteamos que los medios de comunicaci\u00f3n tienen un rol fundamental, es la informaci\u00f3n y la concientizaci\u00f3n de cu\u00e1les son los beneficios que traer\u00e1 el Censo, despu\u00e9s de una d\u00e9cada sin estas estad\u00edsticas\u201d, finaliz\u00f3 el Gobernador.<br><strong>Informaci\u00f3n fidedigna, exacta y actualizada<\/strong><br>Por su parte,\u00a0 Marco Lavagna dijo que el operativo censal es de \u201cabsoluta importancia para todos los que habitamos el territorio argentino\u201d y detall\u00f3 que \u201cnos permitir\u00e1 recabar informaci\u00f3n estructural de qui\u00e9nes somos, c\u00f3mo somos, de d\u00f3nde venimos. Este Censo es de hogares, viviendas y poblaci\u00f3n con lo que tendremos informaci\u00f3n regionalizada sobre diversos temas, como salud y educaci\u00f3n entre otros\u201d.<br>\u201cEsta informaci\u00f3n permitir\u00e1 a los gobiernos nacional, provinciales y municipales, y tambi\u00e9n al sector privado,\u00a0 tomar decisiones \u00f3ptimas, en funci\u00f3n de informaci\u00f3n fidedigna, exacta y actualizada\u201d, afirm\u00f3.<br>El funcionario nacional consider\u00f3 vital \u201cdifundir y hacer conocer la importancia del Censo, porque nos permite ver c\u00f3mo estamos, saber cu\u00e1l es la situaci\u00f3n por la que atravesamos, conocer nuestras falencias y nuestras fortalezas y, en funci\u00f3n de eso, que repercuta en la calidad de vida de todos nosotros\u201d.<br><strong>Los resultados<\/strong><br>Detall\u00f3 que \u201clos primeros datos del censo los vamos a tener a los pocas horas o los primeros d\u00edas. Ah\u00ed sabremos cu\u00e1ntos somos, sexo y alguna otra informaci\u00f3n. Todo va a depender del avance de los censos virtuales y el presencial\u201d.<br>Precis\u00f3 que \u201ca los tres meses vamos a estar en condiciones de dar un primer informe preliminar, con algunas de las principales variables. A los ocho meses tendremos un segundo informe y aproximadamente en un a\u00f1o y medio vamos a tener los resultados definitivos\u201d.<br><strong>Detalles de la edici\u00f3n 2022<\/strong><br>A trav\u00e9s del Decreto 42\/2022 el mi\u00e9rcoles 18 de mayo de 2022, ser\u00e1 feriado nacional. A diferencia de los relevamientos anteriores, se habilitar\u00e1 por primera vez una p\u00e1gina web para que las personas que lo prefieran puedan completar el cuestionario en l\u00ednea de sus hogares desde el 16 de marzo hasta el 18 de mayo a las 8:00.<br>El 18 de mayo se realizar\u00e1 el censo presencial\u00a0 en todo el pa\u00eds. Se dispondr\u00e1n\u00a0 600 mil censistas para recorrer casi 17 millones de viviendas que existen en el territorio nacional. En La Pampa ser\u00e1n relevadas 130 mil viviendas y ser\u00e1n 8.500 las personas involucradas en el operativo censal.<br>M\u00e1s all\u00e1 de esta innovaci\u00f3n, los censistas designados \u00a0recorrer\u00e1n todas las viviendas del pa\u00eds el d\u00eda 18 de mayo para solicitar los comprobantes censales a quienes hayan elegido la modalidad digital, o realizar la entrevista tradicional a quienes no hayan completado el cuestionario. Todas las personas que habitan el territorio nacional tienen que responder las preguntas incluidas en el cuestionario censal, seg\u00fan el art\u00edculo 17\u00b0 del Decreto 726\/2020. La informaci\u00f3n obtenida s\u00f3lo ser\u00e1 utilizada con fines estad\u00edsticos, de acuerdo a lo dispuesto en el art\u00edculo 18 del mencionado Decreto.<\/p>\n","protected":false},"excerpt":{"rendered":"<p>El gobernador Sergio Ziliotto y el titular del INDEC, Marco Lavagna, encabezaron hoy una reuni\u00f3n del Comit\u00e9 Censal Provincial\u00a0 que<\/p>\n","protected":false},"author":1,"featured_media":5113,"comment_status":"open","ping_status":"open","sticky":false,"template":"","format":"standard","meta":{"colormag_page_container_layout":"default_layout","colormag_page_sidebar_layout":"default_layout","footnotes":""},"categories":[4,8],"tags":[],"class_list":["post-5112","post","type-post","status-publish","format-standard","has-post-thumbnail","hentry","category-provincia","category-ultimas-noticias"],"_links":{"self":[{"href":"https:\/\/notipampa.com\/index.php?rest_route=\/wp\/v2\/posts\/5112","targetHints":{"allow":["GET"]}}],"collection":[{"href":"https:\/\/notipampa.com\/index.php?rest_route=\/wp\/v2\/posts"}],"about":[{"href":"https:\/\/notipampa.com\/index.php?rest_route=\/wp\/v2\/types\/post"}],"author":[{"embeddable":true,"href":"https:\/\/notipampa.com\/index.php?rest_route=\/wp\/v2\/users\/1"}],"replies":[{"embeddable":true,"href":"https:\/\/notipampa.com\/index.php?rest_route=%2Fwp%2Fv2%2Fcomments&post=5112"}],"version-history":[{"count":1,"href":"https:\/\/notipampa.com\/index.php?rest_route=\/wp\/v2\/posts\/5112\/revisions"}],"predecessor-version":[{"id":5114,"href":"https:\/\/notipampa.com\/index.php?rest_route=\/wp\/v2\/posts\/5112\/revisions\/5114"}],"wp:featuredmedia":[{"embeddable":true,"href":"https:\/\/notipampa.com\/index.php?rest_route=\/wp\/v2\/media\/5113"}],"wp:attachment":[{"href":"https:\/\/notipampa.com\/index.php?rest_route=%2Fwp%2Fv2%2Fmedia&parent=5112"}],"wp:term":[{"taxonomy":"category","embeddable":true,"href":"https:\/\/notipampa.com\/index.php?rest_route=%2Fwp%2Fv2%2Fcategories&post=5112"},{"taxonomy":"post_tag","embeddable":true,"href":"https:\/\/notipampa.com\/index.php?rest_route=%2Fwp%2Fv2%2Ftags&post=5112"}],"curies":[{"name":"wp","href":"https:\/\/api.w.org\/{rel}","templated":true}]}}