{"id":5109,"date":"2022-02-08T13:58:58","date_gmt":"2022-02-08T16:58:58","guid":{"rendered":"https:\/\/notipampa.com\/?p=5109"},"modified":"2022-02-08T13:58:59","modified_gmt":"2022-02-08T16:58:59","slug":"se-descarta-que-el-vehiculo-haya-pasado-por-encima-a-la-motocicleta-o-a-la-joven-dijo-el-fiscal-general-armando-aguero","status":"publish","type":"post","link":"https:\/\/notipampa.com\/?p=5109","title":{"rendered":"\u201cSe descarta que el veh\u00edculo haya pasado por encima a la motocicleta o a la joven\u201d, dijo el fiscal general Armando Ag\u00fcero"},"content":{"rendered":"\n<p>El trabajo pericial de la Agencia de Investigaci\u00f3n Cient\u00edfica, en conjunto con la Fiscal\u00eda, personal policial y m\u00e9dico permitir\u00e1n establecer qu\u00e9 sucedi\u00f3 en la tarde del \u00faltimo domingo en Alvear. Hasta el momento, el hecho presenta algunos puntos por terminar de esclarecer y as\u00ed llegar al esclarecimiento total del hecho.<\/p>\n\n\n\n<p>\u201cEn el lugar se tom\u00f3 declaraci\u00f3n testimonial a las personas presentes, los vecinos inmediatos al lugar del hecho y otros que caminaban ocasionalmente, lo que nos dio un panorama mejor de la situaci\u00f3n. Hoy a la ma\u00f1ana nos hemos dedicado a explicarle al se\u00f1or Pinedo, pap\u00e1 de Paula, cu\u00e1les han sido las circunstancias en que esto ocurri\u00f3, qu\u00e9 es lo que aporta cada testigo, qu\u00e9 tenemos previsto hacer para determinar si esto fue una cuesti\u00f3n intencional o no\u201d, afirm\u00f3 el fiscal general Armando Ag\u00fcero.<\/p>\n\n\n\n<p>Pese a que en la tarde del lunes, familiares afirmaron se realizaron numerosas denuncias sobre violencia intrafamiliar, el funcionario judicial indic\u00f3: \u201cLo que me interesa descartar, si bien sabemos por diferentes personas, que tienen una relaci\u00f3n de violencia de g\u00e9nero existente, no hay formalmente esas 15 denuncias que se hace menci\u00f3n\u201d, apunt\u00f3.<\/p>\n\n\n\n<p>\u201cDe eso me encargu\u00e9 personalmente de chequear en la comisar\u00eda y en la Fiscal\u00eda. En ning\u00fan momento se hicieron denuncias de hechos previos que tuviera comprometida a esta pareja. Eso no significa que no hayan ocurrido. No hay denuncias entre ellos, s\u00ed hay una denuncia que lo tiene imputado al hombre en relaci\u00f3n a un joven de 16 a\u00f1os que no es hijo propio\u201d, agreg\u00f3. &nbsp;<\/p>\n\n\n\n<p>Si bien se hab\u00eda deslizado con anterioridad que la ca\u00edda de la mujer y las lesiones se hab\u00edan producido por un impacto entre los veh\u00edculos, el fiscal asegur\u00f3 que no existe un impacto o choque entre los rodados. A\u00fan as\u00ed, podr\u00eda haberse realizado una maniobra por parte del conductor de la camioneta que haya propiciado la ca\u00edda de la mujer.<\/p>\n\n\n\n<p>\u201cTambi\u00e9n se descarta que el veh\u00edculo haya pasado por encima a la motocicleta o a la joven. Nada de eso ha ocurrido. Eventualmente, seguiremos profundizando en cuestiones m\u00e9dicas y deseamos con mucha esperanza que esta joven pueda salir del hospital y pueda brindar su testimonio\u201d, a\u00f1adi\u00f3.<\/p>\n\n\n\n<p><strong>Informaci\u00f3n<\/strong><\/p>\n\n\n\n<p>Ag\u00fcero relat\u00f3 que se comunic\u00f3 con el progenitor de Paula, no con el objeto de obtener detalles puesto que \u201cno estaba presente\u201d sino m\u00e1s bien para introducirlo en la investigaci\u00f3n y los avances de la misma.<\/p>\n\n\n\n<p>\u201cMe comuniqu\u00e9 con \u00e9l para que conociera qu\u00e9 hay, qu\u00e9 estamos haciendo, para que cuando se exprese lo haga con conocimiento de qu\u00e9 hay, porque sino se expresa sin precisiones en los medios de comunicaci\u00f3n y se va tergiversando, gener\u00e1ndose una situaci\u00f3n de zozobra que no es necesaria\u201d, concluy\u00f3.<\/p>\n\n\n\n<p><\/p>\n\n\n\n<p>Pampa Diario<\/p>\n","protected":false},"excerpt":{"rendered":"<p>El trabajo pericial de la Agencia de Investigaci\u00f3n Cient\u00edfica, en conjunto con la Fiscal\u00eda, personal policial y m\u00e9dico permitir\u00e1n establecer<\/p>\n","protected":false},"author":1,"featured_media":5110,"comment_status":"open","ping_status":"open","sticky":false,"template":"","format":"standard","meta":{"colormag_page_container_layout":"default_layout","colormag_page_sidebar_layout":"default_layout","footnotes":""},"categories":[6,56,8],"tags":[],"class_list":["post-5109","post","type-post","status-publish","format-standard","has-post-thumbnail","hentry","category-locales","category-policiales","category-ultimas-noticias"],"_links":{"self":[{"href":"https:\/\/notipampa.com\/index.php?rest_route=\/wp\/v2\/posts\/5109","targetHints":{"allow":["GET"]}}],"collection":[{"href":"https:\/\/notipampa.com\/index.php?rest_route=\/wp\/v2\/posts"}],"about":[{"href":"https:\/\/notipampa.com\/index.php?rest_route=\/wp\/v2\/types\/post"}],"author":[{"embeddable":true,"href":"https:\/\/notipampa.com\/index.php?rest_route=\/wp\/v2\/users\/1"}],"replies":[{"embeddable":true,"href":"https:\/\/notipampa.com\/index.php?rest_route=%2Fwp%2Fv2%2Fcomments&post=5109"}],"version-history":[{"count":1,"href":"https:\/\/notipampa.com\/index.php?rest_route=\/wp\/v2\/posts\/5109\/revisions"}],"predecessor-version":[{"id":5111,"href":"https:\/\/notipampa.com\/index.php?rest_route=\/wp\/v2\/posts\/5109\/revisions\/5111"}],"wp:featuredmedia":[{"embeddable":true,"href":"https:\/\/notipampa.com\/index.php?rest_route=\/wp\/v2\/media\/5110"}],"wp:attachment":[{"href":"https:\/\/notipampa.com\/index.php?rest_route=%2Fwp%2Fv2%2Fmedia&parent=5109"}],"wp:term":[{"taxonomy":"category","embeddable":true,"href":"https:\/\/notipampa.com\/index.php?rest_route=%2Fwp%2Fv2%2Fcategories&post=5109"},{"taxonomy":"post_tag","embeddable":true,"href":"https:\/\/notipampa.com\/index.php?rest_route=%2Fwp%2Fv2%2Ftags&post=5109"}],"curies":[{"name":"wp","href":"https:\/\/api.w.org\/{rel}","templated":true}]}}