{"id":5085,"date":"2022-02-07T10:24:56","date_gmt":"2022-02-07T13:24:56","guid":{"rendered":"https:\/\/notipampa.com\/?p=5085"},"modified":"2022-02-07T10:24:58","modified_gmt":"2022-02-07T13:24:58","slug":"el-ejecutivo-local-aun-con-el-apoyo-del-concejal-andreani-no-logro-imponer-el-aumento-del-45-en-tarifas","status":"publish","type":"post","link":"https:\/\/notipampa.com\/?p=5085","title":{"rendered":"El ejecutivo local, a\u00fan con el apoyo del concejal Andreani no logr\u00f3 imponer el aumento del 45% en tarifas"},"content":{"rendered":"\n<p>El d\u00eda jueves 20 de enero de 2022, se reuni\u00f3 en Sesi\u00f3n Extraordinaria del Concejo Deliberante de Intendente Alvear, presidido por la Presidenta Vanesa Luj\u00e1n Acedo, y con la presencia de los concejales Cintia Nerina Cocchi, y Mar\u00eda Alejandra Oliva por el bloque Fre.Ju.Pa., y Humberto T. Andreani, Mar\u00eda Alejandra Hartfiel, y Ra\u00fal H. Iglesias por el bloque Fre.Ve.Al. Fernando L. Aznarez y An\u00edbal M. Migliore, ausentes con aviso. Estuvieron presentes en la sesi\u00f3n el Sr. Intendente Juan Cruz Barton y la Secretaria de Hacienda y Finanzas Cdra. Andrea Caivano, quienes presentaron los proyectos de Ordenanzas Fiscal y Tarifaria 2022.<\/p>\n\n\n\n<p>La Presidenta Vanesa Acedo inicia la sesi\u00f3n, dando lectura al Orden del d\u00eda, cuyos puntos se trataron de la siguiente manera:<\/p>\n\n\n\n<p><strong>Punto 1:<\/strong> Proyecto de Ordenanza \u201cS\/Aprobando Ordenanza Fiscal a\u00f1o 2022\u201d.<\/p>\n\n\n\n<p><strong>Punto 2:<\/strong> Proyecto de Ordenanza \u201cS\/ Aprobando Ordenanza Tarifaria a\u00f1o 2022\u201d.<\/p>\n\n\n\n<p>La Secretaria de Hacienda y Finanzas expuso los detalles de los proyectos de ordenanza Fiscal y Tarifaria 2022 a los ediles presentes, indicando los puntos que se modificar\u00edan y el porcentaje de aumento de tasas pretendido por el Ejecutivo, del 45 %. Los concejales realizaron preguntas y evacuaron sus dudas respectos a las modificaciones propuestas. Luego por unanimidad se decide pasar ambos proyectos a un Cuarto Intermedio, para un mayor an\u00e1lisis, y se estableci\u00f3 fecha para una reuni\u00f3n de trabajo, para trabajar punto por punto los proyectos de ordenanza presentados.<\/p>\n\n\n\n<p><strong>SESI\u00d3N EXTRAORDINARIA DEL JUEVES 3 de FEBRERO DE 2022<\/strong><\/p>\n\n\n\n<p>El d\u00eda jueves 3 de febrero de 2022, se reuni\u00f3 en Sesi\u00f3n Extraordinaria, del Concejo Deliberante de Intendente Alvear, presidido por la Presidenta Vanesa Luj\u00e1n Acedo, y con la presencia de los concejales Cintia Nerina Cocchi, Mar\u00eda Alejandra Oliva y An\u00edbal M. Migliore por el bloque Fre.Ju.Pa., y Humberto T. Andreani, Fernando L. Aznarez, Mar\u00eda Alejandra Hartfiel, y Ra\u00fal H. Iglesias por el bloque Fre.Ve.Al.<\/p>\n\n\n\n<p>La Presidenta Vanesa Acedo inicia la sesi\u00f3n, como continuaci\u00f3n del Cuarto Intermedio, dando lectura al Orden del d\u00eda, cuyos puntos se trataron de la siguiente manera:<\/p>\n\n\n\n<p><strong>Punto 1:<\/strong> <strong>Lectura y aprobaci\u00f3n de Acta N\u00ba 64 y Acta N\u00ba 65.<\/strong><\/p>\n\n\n\n<p>Por Secretar\u00eda, se dio lectura a ambas Actas, las cuales fueron aprobadas por unanimidad.<\/p>\n\n\n\n<p><strong>Punto 2:<\/strong> <strong>Proyecto de Ordenanza \u201cS\/Aprobando Ordenanza Fiscal a\u00f1o 2022\u201d.<\/strong><\/p>\n\n\n\n<p>Luego de informar por Secretaria el an\u00e1lisis realizado sobre el proyecto en la Reuni\u00f3n de Trabajo, y de las modificaciones propuestas por los concejales, se aprueba por unanimidad, con modificaciones de forma, la Ordenanza Fiscal 2022.<\/p>\n\n\n\n<p><strong>Punto 3:<\/strong> <strong>Proyecto de Ordenanza \u201cS\/ Aprobando Ordenanza Tarifaria a\u00f1o 2022\u201d.<\/strong><\/p>\n\n\n\n<p>Por Secretar\u00eda se dio lectura a las modificaciones propuestas por los concejales, en reuni\u00f3n de trabajo, con dictamen de mayor\u00eda. El nuevo proyecto \u201calternativo\u201d de Ordenanza Tarifaria 2022, trabajado por los concejales, establece un aumento de tasas del 35%, y modificaciones de los art\u00edculos: 5\u00b0 bis, 9\u00b0, 14\u00b0 inc III), 25\u00b0 y 26\u00b0. Tras un breve debate, se ponen a votaci\u00f3n.<\/p>\n\n\n\n<p><strong>El proyecto \u201calternativo\u201d de Ordenanza Tarifaria 2022, que establece un aumento del 35%, es aprobado por mayor\u00eda, con 5 votos positivos (Aznarez, Iglesias, Hartfiel, Oliva y Migliore) y 3 votos negativos (Acedo, Cocchi y Andreani).<\/strong><\/p>\n\n\n\n<p><strong>El proyecto propuesto por el Ejecutivo de Ordenanza Tarifaria 2022, que establec\u00eda un aumento del 45%, fue desestimado por mayor\u00eda, con 5 votos negativos (Aznarez, Iglesias, Hartfiel, Oliva y Migliore) y 3 positivos (Acedo, Cocchi y Andreani).<\/strong> <\/p>\n\n\n\n<p>Secretar\u00eda del Concejo Deliberante de la Municipalidad de Intendente Alvear.<\/p>\n","protected":false},"excerpt":{"rendered":"<p>El d\u00eda jueves 20 de enero de 2022, se reuni\u00f3 en Sesi\u00f3n Extraordinaria del Concejo Deliberante de Intendente Alvear, presidido<\/p>\n","protected":false},"author":1,"featured_media":5086,"comment_status":"open","ping_status":"open","sticky":false,"template":"","format":"standard","meta":{"colormag_page_container_layout":"default_layout","colormag_page_sidebar_layout":"default_layout","footnotes":""},"categories":[6,7,8],"tags":[],"class_list":["post-5085","post","type-post","status-publish","format-standard","has-post-thumbnail","hentry","category-locales","category-politica","category-ultimas-noticias"],"_links":{"self":[{"href":"https:\/\/notipampa.com\/index.php?rest_route=\/wp\/v2\/posts\/5085","targetHints":{"allow":["GET"]}}],"collection":[{"href":"https:\/\/notipampa.com\/index.php?rest_route=\/wp\/v2\/posts"}],"about":[{"href":"https:\/\/notipampa.com\/index.php?rest_route=\/wp\/v2\/types\/post"}],"author":[{"embeddable":true,"href":"https:\/\/notipampa.com\/index.php?rest_route=\/wp\/v2\/users\/1"}],"replies":[{"embeddable":true,"href":"https:\/\/notipampa.com\/index.php?rest_route=%2Fwp%2Fv2%2Fcomments&post=5085"}],"version-history":[{"count":1,"href":"https:\/\/notipampa.com\/index.php?rest_route=\/wp\/v2\/posts\/5085\/revisions"}],"predecessor-version":[{"id":5087,"href":"https:\/\/notipampa.com\/index.php?rest_route=\/wp\/v2\/posts\/5085\/revisions\/5087"}],"wp:featuredmedia":[{"embeddable":true,"href":"https:\/\/notipampa.com\/index.php?rest_route=\/wp\/v2\/media\/5086"}],"wp:attachment":[{"href":"https:\/\/notipampa.com\/index.php?rest_route=%2Fwp%2Fv2%2Fmedia&parent=5085"}],"wp:term":[{"taxonomy":"category","embeddable":true,"href":"https:\/\/notipampa.com\/index.php?rest_route=%2Fwp%2Fv2%2Fcategories&post=5085"},{"taxonomy":"post_tag","embeddable":true,"href":"https:\/\/notipampa.com\/index.php?rest_route=%2Fwp%2Fv2%2Ftags&post=5085"}],"curies":[{"name":"wp","href":"https:\/\/api.w.org\/{rel}","templated":true}]}}