{"id":4755,"date":"2022-01-05T12:12:16","date_gmt":"2022-01-05T15:12:16","guid":{"rendered":"https:\/\/notipampa.com\/?p=4755"},"modified":"2022-01-05T12:12:17","modified_gmt":"2022-01-05T15:12:17","slug":"gerardo-morales-la-deuda-la-contrajimos-nosotros-lo-menos-que-podemos-hacer-es-ir-a-escuchar-a-martin-guzman","status":"publish","type":"post","link":"https:\/\/notipampa.com\/?p=4755","title":{"rendered":"Gerardo Morales: \u201cLa deuda la contrajimos nosotros, lo menos que podemos hacer es ir a escuchar a Mart\u00edn Guzm\u00e1n\u201d"},"content":{"rendered":"\n<p><strong>En la previa de la reuni\u00f3n convocada por el Gobierno para hablar de la negociaci\u00f3n con el FMI, el gobernador de Jujuy pronunci\u00f3 una frase que le suma tensi\u00f3n a la interna de Juntos por el Cambio<\/strong><\/p>\n\n\n\n<p>La convocatoria del gobierno nacional a los gobernadores, para que participen de una reuni\u00f3n informativa sobre el refinanciamiento de la <strong>deuda con el FMI<\/strong>,<strong> fue rechazada inicialmente por los mandatarios provinciales que forman parte de Juntos por el Cambio<\/strong>. Y aunque luegoaccedieron a participar de un nuevo encuentro con <strong>Alberto Fern\u00e1ndez y Mart\u00edn Guzm\u00e1n <\/strong>que se realizar\u00eda durante la tercera semana de enero, todav\u00eda hay revuelo interno en la oposici\u00f3n.<\/p>\n\n\n\n<p>En ese contexto, <strong>Gerardo Morales<\/strong>, <strong>actor principal en las negociaciones para tratar de acercar posiciones<\/strong> con el oficialismo, pronunci\u00f3 una frase que seguramente generar\u00e1 ruido interno: \u201c<mark>Me parece que ya est\u00e1, no hay que jugar a las escondidas con este tema. Esta deuda la contrajimos nosotros, lo menos que tenemos que hacer es ir a escuchar\u201d<\/mark> la exposici\u00f3n del ministro de Econom\u00eda, afirm\u00f3 en di\u00e1logo con <em>FM Urbana Play<\/em>.<\/p>\n\n\n\n<p>El mandatario provincial defendi\u00f3 la decisi\u00f3n de no asistir al encuentro de este mi\u00e9rcoles con otros gobernadores, en el que Mart\u00edn Guzm\u00e1n dar\u00e1 detalles sobre las negociaciones que realiza el gobierno con el FMI.&nbsp;<strong>\u201cPor como estaba planteado parec\u00eda m\u00e1s un montaje pol\u00edtico que una reuni\u00f3n institucional para tratar el tema de la deuda\u201d<\/strong>, ratific\u00f3 el dirigente radical.<\/p>\n\n\n\n<p>Sin embargo, el mandatario provincial asegur\u00f3 que, por pedido de Alberto Fern\u00e1ndez, <mark><strong>enviar\u00e1 a un representante de su Gobierno&nbsp;y adelant\u00f3 que la pr\u00f3xima semana participar\u00e1 de una reuni\u00f3n con Guzm\u00e1n<\/strong><\/mark>, el resto de los gobernadores de&nbsp;Juntos por el Cambio&nbsp;y los jefes de bloque de ese espacio en el Congreso.<\/p>\n\n\n\n<p>\u201cEl Presidente nos pidi\u00f3 que envi\u00e1semos hoy a los vicegobernadores o ministros de Hacienda y es lo que vamos a hacer. Y&nbsp;<strong>nos garantizan una exposici\u00f3n t\u00e9cnica por parte del ministro Guzm\u00e1n<\/strong>, que es lo que tendremos lunes o martes de la semana que viene\u201d, precis\u00f3 el gobernador de la UCR.<\/p>\n\n\n\n<p><strong>El env\u00edo de funcionarios delegados representa un giro del radicalismo en el v\u00ednculo con el Gobierno<\/strong>, despu\u00e9s de m\u00faltiples conversaciones telef\u00f3nicas con Morales. Si bien la Casa Rosada no tendr\u00e1 hoy la foto pol\u00edtica con todos los gobernadores del pa\u00eds, la decisi\u00f3n de la UCR de designar emisarios pone distancia a la voluntad inicial de Juntos por el Cambio de no ser parte del informe que brindar\u00e1 Guzm\u00e1n sobre las negociaciones con el FMI a las 17 en el Museo del Bicentenario.<\/p>\n\n\n\n<p>Seg\u00fan indicaron fuentes de la UCR, Morales y el correntino <strong>Gustavo Vald\u00e9s <\/strong>enviar\u00e1n a sus vicegobernadores, Carlos Haquin y Pedro Braillard Poccard; mientras que <strong>Rodolfo Su\u00e1rez<\/strong>, de Mendoza, mandar\u00e1 al ministro <strong>Enrique Vaqui\u00e9<\/strong>.<\/p>\n\n\n\n<p>El Presidente quiso evitar un escenario parecido al que tuvo hace dos semanas en el rechazo que sufri\u00f3 el oficialismo para el Presupuesto para 2022. Con las gestiones con Morales, <strong>el inconveniente fue parcialmente subsanado y se mantuvo una v\u00eda abierta de di\u00e1logo pol\u00edtico<\/strong>. <img fetchpriority=\"high\" decoding=\"async\" alt=\"El presidente Alberto Fern\u00e1ndez, en una foto junto al gobernador juje\u00f1o Gerardo Morales y el jefe de Gobierno porte\u00f1o, Horacio Rodr\u00edguez Larreta (Presidencia)\" src=\"https:\/\/www.infobae.com\/new-resizer\/vukJ7yRrz-Hwk_R8pBfL5OX9hKY=\/420x236\/filters:format(webp):quality(85)\/cloudfront-us-east-1.images.arcpublishing.com\/infobae\/4KEDCNPQFJFQLD4X42AGYHBSYQ.jpg 420w\" srcset=\"https:\/\/www.infobae.com\/new-resizer\/vukJ7yRrz-Hwk_R8pBfL5OX9hKY=\/420x236\/filters:format(webp):quality(85)\/cloudfront-us-east-1.images.arcpublishing.com\/infobae\/4KEDCNPQFJFQLD4X42AGYHBSYQ.jpg 420w,https:\/\/www.infobae.com\/new-resizer\/ShbrOjPvutz1ndwoe-M2pTlTNgU=\/768x432\/filters:format(webp):quality(85)\/cloudfront-us-east-1.images.arcpublishing.com\/infobae\/4KEDCNPQFJFQLD4X42AGYHBSYQ.jpg 768w,https:\/\/www.infobae.com\/new-resizer\/IjGa1CXQvFoGWqIblFaNY_yvu9A=\/992x558\/filters:format(webp):quality(85)\/cloudfront-us-east-1.images.arcpublishing.com\/infobae\/4KEDCNPQFJFQLD4X42AGYHBSYQ.jpg 992w,https:\/\/www.infobae.com\/new-resizer\/3BbtsxhOQ0TZp0KHghbO_R4VjFQ=\/1200x675\/filters:format(webp):quality(85)\/cloudfront-us-east-1.images.arcpublishing.com\/infobae\/4KEDCNPQFJFQLD4X42AGYHBSYQ.jpg 1200w,https:\/\/www.infobae.com\/new-resizer\/pct5lE5NrASYLoWIk_2YTJierGU=\/1440x810\/filters:format(webp):quality(85)\/cloudfront-us-east-1.images.arcpublishing.com\/infobae\/4KEDCNPQFJFQLD4X42AGYHBSYQ.jpg 1440w\" width=\"1920\" height=\"1080\">El presidente Alberto Fern\u00e1ndez, en una foto junto al gobernador juje\u00f1o Gerardo Morales y el jefe de Gobierno porte\u00f1o, Horacio Rodr\u00edguez Larreta (Presidencia)<\/p>\n\n\n\n<p>De esta manera, los \u00fanicos dos distritos que no tendr\u00e1n ning\u00fan tipo de participaci\u00f3n en la actividad de este mi\u00e9rcoles es el jefe de Gobierno porte\u00f1o, <strong>Horacio Rodr\u00edguez&nbsp;Larreta<\/strong>, y el gobernador de San Luis, <strong>Alberto Rodr\u00edguez Sa\u00e1<\/strong>, quien en los \u00faltimos d\u00edas sostuvo que el Gobierno <strong>\u201cno tiene un plan\u201d<\/strong>.<\/p>\n\n\n\n<p>En ese contexto de marchas y contramarchas, Morales destac\u00f3 el accionar de&nbsp;Alberto Fern\u00e1ndez&nbsp;de programar otro encuentro: \u201cLe manifestamos la posibilidad de un <strong>contacto institucional de Juntos por el Cambio<\/strong>, los 4 gobernadores con los jefes de bloque, y el Presidente accedi\u00f3,&nbsp;ha tenido una buena actitud desde que hemos planteado el reproche\u201d.<\/p>\n\n\n\n<p>Seg\u00fan se inform\u00f3, en esa reuni\u00f3n ser\u00e1n convocados Horacio Rodr\u00edguez Larreta (CABA),&nbsp;<strong>Rodolfo Su\u00e1rez<\/strong>&nbsp;(Mendoza) y<strong>&nbsp;Gustavo Vald\u00e9s<\/strong>&nbsp;(Corrientes), y tambi\u00e9n los jefes parlamentarios opositores, los senadores Luis Naidenoff,&nbsp;<strong>Alfredo Cornejo<\/strong>&nbsp;(UCR) y Humberto Schiavoni (PRO); y los diputados<strong>&nbsp;Mario Negri<\/strong>&nbsp;(UCR),&nbsp;<strong>Cristian Ritondo<\/strong>&nbsp;(PRO) y Juan Manuel L\u00f3pez (Coalici\u00f3n C\u00edvica).<\/p>\n\n\n\n<p>\u201cEl gobierno nos quiere presentar c\u00f3mo est\u00e1 la situaci\u00f3n, no s\u00e9 en qu\u00e9 consiste el informe. Desde Juntos por el Cambio decimos que vamos a actuar con responsabilidad y&nbsp;<mark><strong>lo menos que podemos hacer es ir a que nos den el informe<\/strong><\/mark>\u201d, concluy\u00f3 Morales, en un claro mensaje dirigido hacia Rodr\u00edguez Larreta y quienes sostienen una postura m\u00e1s confrontativa con la Casa Rosada.<\/p>\n\n\n\n<p>Con todo,&nbsp;en Juntos por el Cambio <strong>se avizora una nueva discusi\u00f3n interna.<\/strong>&nbsp;Desde el bloque opositor transmitieron su intenci\u00f3n de que el pr\u00f3ximo c\u00f3nclave con Guzm\u00e1n, donde participar\u00e1n las espadas parlamentarias del espacios, se celebre en el Palacio Legislativo. Pero la idea original de Guzm\u00e1n era ser el anfitri\u00f3n. En la coalici\u00f3n buscan que las negociaciones se produzcan en el \u00e1mbito del Congreso.<\/p>\n\n\n\n<p>Sin embargo, la cuesti\u00f3n de fondo no parece tener una inminente soluci\u00f3n. <strong>En la Casa Rosada reconocen que la negociaci\u00f3n por la deuda contin\u00faa empantanada <\/strong>y hay poca expectativa en que la foto de la otra semana con los gobernadores sea suficiente para acercar las posiciones entre el Gobierno y el directorio del FMI.<\/p>\n","protected":false},"excerpt":{"rendered":"<p>En la previa de la reuni\u00f3n convocada por el Gobierno para hablar de la negociaci\u00f3n con el FMI, el gobernador<\/p>\n","protected":false},"author":1,"featured_media":4756,"comment_status":"open","ping_status":"open","sticky":false,"template":"","format":"standard","meta":{"colormag_page_container_layout":"default_layout","colormag_page_sidebar_layout":"default_layout","footnotes":""},"categories":[5,7,8],"tags":[],"class_list":["post-4755","post","type-post","status-publish","format-standard","has-post-thumbnail","hentry","category-nacionales","category-politica","category-ultimas-noticias"],"_links":{"self":[{"href":"https:\/\/notipampa.com\/index.php?rest_route=\/wp\/v2\/posts\/4755","targetHints":{"allow":["GET"]}}],"collection":[{"href":"https:\/\/notipampa.com\/index.php?rest_route=\/wp\/v2\/posts"}],"about":[{"href":"https:\/\/notipampa.com\/index.php?rest_route=\/wp\/v2\/types\/post"}],"author":[{"embeddable":true,"href":"https:\/\/notipampa.com\/index.php?rest_route=\/wp\/v2\/users\/1"}],"replies":[{"embeddable":true,"href":"https:\/\/notipampa.com\/index.php?rest_route=%2Fwp%2Fv2%2Fcomments&post=4755"}],"version-history":[{"count":1,"href":"https:\/\/notipampa.com\/index.php?rest_route=\/wp\/v2\/posts\/4755\/revisions"}],"predecessor-version":[{"id":4757,"href":"https:\/\/notipampa.com\/index.php?rest_route=\/wp\/v2\/posts\/4755\/revisions\/4757"}],"wp:featuredmedia":[{"embeddable":true,"href":"https:\/\/notipampa.com\/index.php?rest_route=\/wp\/v2\/media\/4756"}],"wp:attachment":[{"href":"https:\/\/notipampa.com\/index.php?rest_route=%2Fwp%2Fv2%2Fmedia&parent=4755"}],"wp:term":[{"taxonomy":"category","embeddable":true,"href":"https:\/\/notipampa.com\/index.php?rest_route=%2Fwp%2Fv2%2Fcategories&post=4755"},{"taxonomy":"post_tag","embeddable":true,"href":"https:\/\/notipampa.com\/index.php?rest_route=%2Fwp%2Fv2%2Ftags&post=4755"}],"curies":[{"name":"wp","href":"https:\/\/api.w.org\/{rel}","templated":true}]}}