{"id":4182,"date":"2021-11-22T16:06:21","date_gmt":"2021-11-22T19:06:21","guid":{"rendered":"https:\/\/notipampa.com\/?p=4182"},"modified":"2021-11-22T16:30:44","modified_gmt":"2021-11-22T19:30:44","slug":"alvear-el-radicalismo-local-tiene-nuevas-autoridades","status":"publish","type":"post","link":"https:\/\/notipampa.com\/?p=4182","title":{"rendered":"Alvear: el Radicalismo local tiene nuevas autoridades"},"content":{"rendered":"\n<p>El comit\u00e9 local de la Uni\u00f3n C\u00edvica Radical present\u00f3 en concordancia con toda la provincia su lista de representantes de la mesa de conducci\u00f3n. <\/p>\n\n\n\n<p>Tal como sucedi\u00f3 en la renovaci\u00f3n provincial, hubo lista de unidad y no se desarrollar\u00e1n internas el 12 de Diciembre.<\/p>\n\n\n\n<p><br>Omar Beltr\u00e1n, ex Concejal del radicalismo local ser\u00e1 el nuevo Presidente para le gesti\u00f3n 2021-2023, acompa\u00f1ados en la mesa de conducci\u00f3n por Carolina Bello como Vice Presidenta, Daniel Gette como Secretario y Roc\u00edo Feito en la tarea de Tesorera.<br>Las y los vocales ser\u00e1n Nestor Paniagua, Noem\u00ed Ranocchia, Mathias Lucero, Mirta Roveglia, Marcelo Bessone, Roxana Tripaldi, Rodrigo Gonz\u00e1lez y Nelida Etel Mart\u00edn.<br>Para el cargo de convencionales provinciales los elegidos son Alejandro Martin, Paloma Isidro y Santiago Palacio.<\/p>\n\n\n\n<p>Situaci\u00f3n Provincial<\/p>\n\n\n\n<p>La UCR tendr\u00e1 representaci\u00f3n de todas las l\u00edneas en los cargos de la nueva conducci\u00f3n.<br \/>Un hombre de Daniel Kroneberger -quien el 11 de diciembre asumir\u00e1 como senador nacional, tras ser uno de los grandes ganadores de la \u00faltima elecci\u00f3n en la provincia- ser\u00e1 quien dirija el Comit\u00e9 Provincia: ser\u00e1 el exintendente de Parera, Diego Marcantonio. La vicepresidenta primera ser\u00e1 la exintendenta de Alpachiri, Nidia Anc\u00edn, y el vicepresidente segundo ser\u00e1 Guillermo Coppo, concejal de General Pico.<\/p>\n\n\n\n<p>Evangelina Ramis ser\u00e1 la secretaria, Pedro Salas aparece como tesorero y Silvia Crochetti como secretaria de G\u00e9nero. En tanto como vocales titulares figuran Federico Guidugli, Patricia Testa y Bruno Rodr\u00edguez, mientras que los suplentes son Manuel Gallego, \u00c9lida Deanna, Carlos Irraz\u00e1bal y Andrea Alan\u00eds.<\/p>\n\n\n\n<p><br>En la lista del consenso aparece el Alvearense Santiago Palacio, quien ocupar\u00e1 el cargo de convencional nacional titular.<\/p>\n","protected":false},"excerpt":{"rendered":"<p>El comit\u00e9 local de la Uni\u00f3n C\u00edvica Radical present\u00f3 en concordancia con toda la provincia su lista de representantes de<\/p>\n","protected":false},"author":1,"featured_media":4181,"comment_status":"open","ping_status":"open","sticky":false,"template":"","format":"standard","meta":{"colormag_page_container_layout":"default_layout","colormag_page_sidebar_layout":"default_layout","footnotes":""},"categories":[6,8],"tags":[],"class_list":["post-4182","post","type-post","status-publish","format-standard","has-post-thumbnail","hentry","category-locales","category-ultimas-noticias"],"_links":{"self":[{"href":"https:\/\/notipampa.com\/index.php?rest_route=\/wp\/v2\/posts\/4182","targetHints":{"allow":["GET"]}}],"collection":[{"href":"https:\/\/notipampa.com\/index.php?rest_route=\/wp\/v2\/posts"}],"about":[{"href":"https:\/\/notipampa.com\/index.php?rest_route=\/wp\/v2\/types\/post"}],"author":[{"embeddable":true,"href":"https:\/\/notipampa.com\/index.php?rest_route=\/wp\/v2\/users\/1"}],"replies":[{"embeddable":true,"href":"https:\/\/notipampa.com\/index.php?rest_route=%2Fwp%2Fv2%2Fcomments&post=4182"}],"version-history":[{"count":1,"href":"https:\/\/notipampa.com\/index.php?rest_route=\/wp\/v2\/posts\/4182\/revisions"}],"predecessor-version":[{"id":4183,"href":"https:\/\/notipampa.com\/index.php?rest_route=\/wp\/v2\/posts\/4182\/revisions\/4183"}],"wp:featuredmedia":[{"embeddable":true,"href":"https:\/\/notipampa.com\/index.php?rest_route=\/wp\/v2\/media\/4181"}],"wp:attachment":[{"href":"https:\/\/notipampa.com\/index.php?rest_route=%2Fwp%2Fv2%2Fmedia&parent=4182"}],"wp:term":[{"taxonomy":"category","embeddable":true,"href":"https:\/\/notipampa.com\/index.php?rest_route=%2Fwp%2Fv2%2Fcategories&post=4182"},{"taxonomy":"post_tag","embeddable":true,"href":"https:\/\/notipampa.com\/index.php?rest_route=%2Fwp%2Fv2%2Ftags&post=4182"}],"curies":[{"name":"wp","href":"https:\/\/api.w.org\/{rel}","templated":true}]}}