{"id":4177,"date":"2021-11-22T11:42:37","date_gmt":"2021-11-22T14:42:37","guid":{"rendered":"https:\/\/notipampa.com\/?p=4177"},"modified":"2021-11-22T11:42:39","modified_gmt":"2021-11-22T14:42:39","slug":"alvear-fbc-cayo-en-la-primera-fecha-del-torneo-federal-amateur","status":"publish","type":"post","link":"https:\/\/notipampa.com\/?p=4177","title":{"rendered":"Alvear FBC cay\u00f3 en la primera fecha del Torneo Federal Amateur"},"content":{"rendered":"\n<p>Arranc\u00f3 el Torneo Federal Amateur y en la Regi\u00f3n Pampeana Sur se enfrentaron en Santa Rosa, All Boys de Sta Rosa y Costa Brava y en el estadio de la Avenida, Alvear FBC recibi\u00f3 a R\u00e1cing de Eduardo Castex.<\/p>\n\n\n\n<p>Sobre la hora All Boys derrot\u00f3 a Costa con dos de Jerem\u00edas Lucero y\u00a0 R\u00e1cing se llev\u00f3 tres puntos importantes de Alvear ante el Azul.<\/p>\n\n\n\n<p><strong>ALVEAR FBC 0\u00a0 \u00a0vs.\u00a0 1\u00a0 RACING<br>GOLES:<\/strong>\u00a0 Juan Leguizam\u00f3n (p-R)<br><strong>\u00c1RBITRO:\u00a0<\/strong> JORGE SANTILL\u00c1N (GENERAL PICO)<br><strong>ASISTENTES:<\/strong> EZEQUIEL DELLACROCE (GENERAL PICO) \u2013\u00a0 NICOLAS AGUIRRE (GENERAL PICO)<\/p>\n\n\n\n<p><strong>ALVEAR FBC:&nbsp;<\/strong> AGUST\u00cdN MORALES- AXEL BAR\u00d3N- EXEQUIEL CASAS- NICOL\u00c1S ROLDAN- AGUST\u00cdN C\u00c9SPEDES- ALEX SOSA- KEVIN SMALDONE- GABRIEL FLORES- ALVARO CUELLO- LUCAS PARODI- AGUST\u00cdN TOSSELLI<br><strong>DT:<\/strong> JUAN MANUEL RAMOS<\/p>\n\n\n\n<p><strong>R\u00c1CING CLUB:\u00a0 \u00a0<\/strong>PEDRO PREGNO- RICARDO RAMIREZ-\u00a0 RONALDO FLEITAS- BRIAN MONTERO- GERM\u00c1N\u00a0 ARIAS- RENZO FRANK-\u00a0 LAUTARO ORTIZ- ROBERTO COBOS- JUAN LEGUIZAM\u00d3N- JUAN PABLO GIANNINETTO-\u00a0 FEDERICO HOLLMAN<br><strong>DT:<\/strong> EDGARDO LEGUIZAM\u00d3N<\/p>\n\n\n\n<figure class=\"wp-block-gallery columns-1 is-cropped wp-block-gallery-1 is-layout-flex wp-block-gallery-is-layout-flex\"><ul class=\"blocks-gallery-grid\"><li class=\"blocks-gallery-item\"><figure><img fetchpriority=\"high\" decoding=\"async\" width=\"1024\" height=\"575\" src=\"https:\/\/notipampa.com\/wp-content\/uploads\/2021\/11\/258533545_5059907107361498_2244399099186082374_n-1024x575.jpg\" alt=\"\" data-id=\"4179\" data-full-url=\"https:\/\/notipampa.com\/wp-content\/uploads\/2021\/11\/258533545_5059907107361498_2244399099186082374_n.jpg\" data-link=\"https:\/\/notipampa.com\/?attachment_id=4179\" class=\"wp-image-4179\" srcset=\"https:\/\/notipampa.com\/wp-content\/uploads\/2021\/11\/258533545_5059907107361498_2244399099186082374_n-1024x575.jpg 1024w, https:\/\/notipampa.com\/wp-content\/uploads\/2021\/11\/258533545_5059907107361498_2244399099186082374_n-300x169.jpg 300w, https:\/\/notipampa.com\/wp-content\/uploads\/2021\/11\/258533545_5059907107361498_2244399099186082374_n-768x432.jpg 768w, https:\/\/notipampa.com\/wp-content\/uploads\/2021\/11\/258533545_5059907107361498_2244399099186082374_n-1536x863.jpg 1536w, https:\/\/notipampa.com\/wp-content\/uploads\/2021\/11\/258533545_5059907107361498_2244399099186082374_n.jpg 1600w\" sizes=\"(max-width: 1024px) 100vw, 1024px\" \/><\/figure><\/li><\/ul><\/figure>\n","protected":false},"excerpt":{"rendered":"<p>Arranc\u00f3 el Torneo Federal Amateur y en la Regi\u00f3n Pampeana Sur se enfrentaron en Santa Rosa, All Boys de Sta<\/p>\n","protected":false},"author":1,"featured_media":4178,"comment_status":"open","ping_status":"open","sticky":false,"template":"","format":"standard","meta":{"colormag_page_container_layout":"default_layout","colormag_page_sidebar_layout":"default_layout","footnotes":""},"categories":[10,6,8],"tags":[],"class_list":["post-4177","post","type-post","status-publish","format-standard","has-post-thumbnail","hentry","category-sports","category-locales","category-ultimas-noticias"],"_links":{"self":[{"href":"https:\/\/notipampa.com\/index.php?rest_route=\/wp\/v2\/posts\/4177","targetHints":{"allow":["GET"]}}],"collection":[{"href":"https:\/\/notipampa.com\/index.php?rest_route=\/wp\/v2\/posts"}],"about":[{"href":"https:\/\/notipampa.com\/index.php?rest_route=\/wp\/v2\/types\/post"}],"author":[{"embeddable":true,"href":"https:\/\/notipampa.com\/index.php?rest_route=\/wp\/v2\/users\/1"}],"replies":[{"embeddable":true,"href":"https:\/\/notipampa.com\/index.php?rest_route=%2Fwp%2Fv2%2Fcomments&post=4177"}],"version-history":[{"count":1,"href":"https:\/\/notipampa.com\/index.php?rest_route=\/wp\/v2\/posts\/4177\/revisions"}],"predecessor-version":[{"id":4180,"href":"https:\/\/notipampa.com\/index.php?rest_route=\/wp\/v2\/posts\/4177\/revisions\/4180"}],"wp:featuredmedia":[{"embeddable":true,"href":"https:\/\/notipampa.com\/index.php?rest_route=\/wp\/v2\/media\/4178"}],"wp:attachment":[{"href":"https:\/\/notipampa.com\/index.php?rest_route=%2Fwp%2Fv2%2Fmedia&parent=4177"}],"wp:term":[{"taxonomy":"category","embeddable":true,"href":"https:\/\/notipampa.com\/index.php?rest_route=%2Fwp%2Fv2%2Fcategories&post=4177"},{"taxonomy":"post_tag","embeddable":true,"href":"https:\/\/notipampa.com\/index.php?rest_route=%2Fwp%2Fv2%2Ftags&post=4177"}],"curies":[{"name":"wp","href":"https:\/\/api.w.org\/{rel}","templated":true}]}}